{"id":192806,"date":"2021-12-24T14:38:01","date_gmt":"2021-12-24T17:38:01","guid":{"rendered":"https:\/\/diarioregionaldigital.com.br\/?p=192806"},"modified":"2021-12-24T14:38:01","modified_gmt":"2021-12-24T17:38:01","slug":"governo-brasileiro-cumprimenta-presidente-eleito-do-chile","status":"publish","type":"post","link":"https:\/\/diarioregionaldigital.com.br\/?p=192806","title":{"rendered":"Governo brasileiro cumprimenta presidente eleito do Chile"},"content":{"rendered":"<p>O Minist\u00e9rio das Rela\u00e7\u00f5es Exteriores enviou, nesta quinta-feira (23), nota apresentando os cumprimentos do governo brasileiro ao presidente eleito do Chile, Gabriel Boric. Aos 35 anos, o ex-l\u00edder estudantil \u00e9 o mais jovem presidente eleito pelos chilenos.<\/p>\n<p>&#8220;Ao reafirmar a solidez dos la\u00e7os de amizade e coopera\u00e7\u00e3o, o governo brasileiro assinala a disposi\u00e7\u00e3o de trabalhar com as autoridades chilenas no fortalecimento das iniciativas bilaterais e regionais em prol dos objetivos de desenvolvimento econ\u00f4mico, de defesa da liberdade e da democracia e de respeito ao Estado de Direito&#8221;, diz a nota, divulgada quatro dias ap\u00f3s o resultado das elei\u00e7\u00f5es.<\/p>\n<p>Com 54,72% dos votos v\u00e1lidos,\u00a0<a href=\"https:\/\/agenciabrasil.ebc.com.br\/internacional\/noticia\/2021-12\/ex-lider-estudantil-gabriel-boric-vence-eleicoes-no-chile\" target=\"_blank\" rel=\"noopener\">Boric venceu<\/a>, no \u00faltimo domingo (19), o segundo turno das elei\u00e7\u00f5es presidenciais no Chile. Seu advers\u00e1rio, Jos\u00e9 Antonio Kast, representante de uma coliga\u00e7\u00e3o de partidos de direita, ficou com 45,28% dos votos v\u00e1lidos. Horas depois da divulga\u00e7\u00e3o do resultado, Kast reconheceu a derrota e parabenizou o presidente eleito pelas redes sociais.\u00a0<img decoding=\"async\" src=\"https:\/\/agenciabrasil.ebc.com.br\/ebc.png?id=1433685&amp;o=node\" \/><img decoding=\"async\" src=\"https:\/\/agenciabrasil.ebc.com.br\/ebc.gif?id=1433685&amp;o=node\" \/><\/p>\n<p><span style=\"font-weight: 400;\">Fonte: Ag\u00eancia Brasil <\/span><\/p>\n","protected":false},"excerpt":{"rendered":"<p>O Minist\u00e9rio das Rela\u00e7\u00f5es Exteriores enviou, nesta quinta-feira (23), nota apresentando os cumprimentos do governo brasileiro ao presidente eleito do Chile, Gabriel Boric. Aos 35 anos, o ex-l\u00edder estudantil \u00e9 o mais jovem presidente eleito pelos chilenos. &#8220;Ao reafirmar a solidez dos la\u00e7os de amizade e coopera\u00e7\u00e3o, o governo brasileiro assinala a disposi\u00e7\u00e3o de trabalhar [&hellip;]<\/p>\n","protected":false},"author":246,"featured_media":192807,"comment_status":"closed","ping_status":"closed","sticky":false,"template":"","format":"standard","meta":{"footnotes":""},"categories":[436,440,254,439],"tags":[],"class_list":["post-192806","post","type-post","status-publish","format-standard","has-post-thumbnail","hentry","category-destaque-da-semana","category-destaques-do-dia","category-politica","category-ultima-hora"],"_links":{"self":[{"href":"https:\/\/diarioregionaldigital.com.br\/index.php?rest_route=\/wp\/v2\/posts\/192806","targetHints":{"allow":["GET"]}}],"collection":[{"href":"https:\/\/diarioregionaldigital.com.br\/index.php?rest_route=\/wp\/v2\/posts"}],"about":[{"href":"https:\/\/diarioregionaldigital.com.br\/index.php?rest_route=\/wp\/v2\/types\/post"}],"author":[{"embeddable":true,"href":"https:\/\/diarioregionaldigital.com.br\/index.php?rest_route=\/wp\/v2\/users\/246"}],"replies":[{"embeddable":true,"href":"https:\/\/diarioregionaldigital.com.br\/index.php?rest_route=%2Fwp%2Fv2%2Fcomments&post=192806"}],"version-history":[{"count":1,"href":"https:\/\/diarioregionaldigital.com.br\/index.php?rest_route=\/wp\/v2\/posts\/192806\/revisions"}],"predecessor-version":[{"id":192808,"href":"https:\/\/diarioregionaldigital.com.br\/index.php?rest_route=\/wp\/v2\/posts\/192806\/revisions\/192808"}],"wp:featuredmedia":[{"embeddable":true,"href":"https:\/\/diarioregionaldigital.com.br\/index.php?rest_route=\/wp\/v2\/media\/192807"}],"wp:attachment":[{"href":"https:\/\/diarioregionaldigital.com.br\/index.php?rest_route=%2Fwp%2Fv2%2Fmedia&parent=192806"}],"wp:term":[{"taxonomy":"category","embeddable":true,"href":"https:\/\/diarioregionaldigital.com.br\/index.php?rest_route=%2Fwp%2Fv2%2Fcategories&post=192806"},{"taxonomy":"post_tag","embeddable":true,"href":"https:\/\/diarioregionaldigital.com.br\/index.php?rest_route=%2Fwp%2Fv2%2Ftags&post=192806"}],"curies":[{"name":"wp","href":"https:\/\/api.w.org\/{rel}","templated":true}]}}