{"id":192799,"date":"2021-12-24T14:30:38","date_gmt":"2021-12-24T17:30:38","guid":{"rendered":"https:\/\/diarioregionaldigital.com.br\/?p=192799"},"modified":"2021-12-24T14:30:38","modified_gmt":"2021-12-24T17:30:38","slug":"governo-registra-r-69-bilhoes-em-devolucoes-do-auxilio-emergencial","status":"publish","type":"post","link":"https:\/\/diarioregionaldigital.com.br\/?p=192799","title":{"rendered":"Governo registra R$ 6,9 bilh\u00f5es em devolu\u00e7\u00f5es do Aux\u00edlio Emergencial"},"content":{"rendered":"<p>O Minist\u00e9rio da Cidadania registra R$ 6,9 bilh\u00f5es em devolu\u00e7\u00e3o aos cofres p\u00fablicos de valores que tinham como destino o Aux\u00edlio Emergencial em 2020 e 2021. De acordo com a pasta, as devolu\u00e7\u00f5es foram feitas por meio da emiss\u00e3o de Guia de Recolhimento da Uni\u00e3o (GRU), restitui\u00e7\u00e3o por Documento de Arrecada\u00e7\u00e3o de Receitas Federais (Darf), e recursos n\u00e3o movimentados dentro dos prazos legais, al\u00e9m de revis\u00f5es e fiscaliza\u00e7\u00f5es quanto \u00e0 elegibilidade dos benefici\u00e1rios.<img decoding=\"async\" src=\"https:\/\/agenciabrasil.ebc.com.br\/ebc.png?id=1433805&amp;o=node\" \/><img decoding=\"async\" src=\"https:\/\/agenciabrasil.ebc.com.br\/ebc.gif?id=1433805&amp;o=node\" \/><\/p>\n<p>Segundo o minist\u00e9rio, essa situa\u00e7\u00e3o foi poss\u00edvel por meio de acordos de coopera\u00e7\u00e3o t\u00e9cnica com diversos \u00f3rg\u00e3os dos Tr\u00eas Poderes, com a colabora\u00e7\u00e3o das respectivas \u00e1reas de investiga\u00e7\u00e3o e de controle, que trocaram informa\u00e7\u00f5es, conhecimentos e bases de dados. Tamb\u00e9m contribuiu para o resultado a estrat\u00e9gia de atua\u00e7\u00e3o integrada contra esse tipo de fraude, da qual participaram a Pol\u00edcia Federal, a Caixa Econ\u00f4mica, o Minist\u00e9rio P\u00fablico Federal, a Receita Federal, a Controladoria-Geral da Uni\u00e3o e o Tribunal de Contas da Uni\u00e3o.<\/p>\n<p>O Minist\u00e9rio da Cidadania informou que, nesta semana, enviou mensagens de celular (SMS) para orientar os cidad\u00e3os sobre a devolu\u00e7\u00e3o volunt\u00e1ria de recursos ou den\u00fancia de fraudes do Aux\u00edlio Emergencial. Foram notificadas cerca de 1 milh\u00e3o de pessoas pela primeira vez.<\/p>\n<p>O primeiro envio desse tipo de mensagem foi feito em dezembro de 2020. \u201cEm 2021, foram realizados quatro disparos de mensagens ao longo do ano. Ao todo, 2,5 milh\u00f5es benefici\u00e1rios do Aux\u00edlio Emergencial receberam 4 milh\u00f5es de mensagens solicitando a devolu\u00e7\u00e3o de valores\u201d, acrescenta a pasta ao detalhar a\u00e7\u00f5es que desenvolve visando o ressarcimento dos benef\u00edcios pagos \u201cfora dos crit\u00e9rios de elegibilidade ao Aux\u00edlio Emergencial\u201d.<\/p>\n<p>Entre as medidas detalhadas \u00e0 Ag\u00eancia Brasil est\u00e3o o resgate dos valores n\u00e3o movimentados na Caixa Econ\u00f4mica Federal e a disponibiliza\u00e7\u00e3o do<em>\u00a0<a href=\"https:\/\/devolucaoauxilioemergencial.cidadania.gov.br\/devolucao\" target=\"_blank\" rel=\"noopener\">site<\/a><\/em>\u00a0para as devolu\u00e7\u00f5es desde o in\u00edcio dos pagamentos do benef\u00edcio. Esse canal permite a devolu\u00e7\u00e3o de recursos por meio da emiss\u00e3o de GRU.<\/p>\n<p>O ressarcimento dos recursos tamb\u00e9m pode ser feito por meio da emiss\u00e3o de Darf, no caso de recebimento indevido do Aux\u00edlio Emergencial pelos dependentes ou pelo titular da declara\u00e7\u00e3o de Imposto de Renda. Os valores recebidos s\u00e3o transferidos para a conta \u00fanica do Tesouro Nacional e ficam \u00e0 disposi\u00e7\u00e3o da Uni\u00e3o.<\/p>\n<p><span style=\"font-weight: 400;\">Fonte: Ag\u00eancia Brasil <\/span><\/p>\n","protected":false},"excerpt":{"rendered":"<p>O Minist\u00e9rio da Cidadania registra R$ 6,9 bilh\u00f5es em devolu\u00e7\u00e3o aos cofres p\u00fablicos de valores que tinham como destino o Aux\u00edlio Emergencial em 2020 e 2021. De acordo com a pasta, as devolu\u00e7\u00f5es foram feitas por meio da emiss\u00e3o de Guia de Recolhimento da Uni\u00e3o (GRU), restitui\u00e7\u00e3o por Documento de Arrecada\u00e7\u00e3o de Receitas Federais (Darf), [&hellip;]<\/p>\n","protected":false},"author":246,"featured_media":192800,"comment_status":"closed","ping_status":"closed","sticky":false,"template":"","format":"standard","meta":{"footnotes":""},"categories":[436,261,439],"tags":[],"class_list":["post-192799","post","type-post","status-publish","format-standard","has-post-thumbnail","hentry","category-destaque-da-semana","category-economia","category-ultima-hora"],"_links":{"self":[{"href":"https:\/\/diarioregionaldigital.com.br\/index.php?rest_route=\/wp\/v2\/posts\/192799","targetHints":{"allow":["GET"]}}],"collection":[{"href":"https:\/\/diarioregionaldigital.com.br\/index.php?rest_route=\/wp\/v2\/posts"}],"about":[{"href":"https:\/\/diarioregionaldigital.com.br\/index.php?rest_route=\/wp\/v2\/types\/post"}],"author":[{"embeddable":true,"href":"https:\/\/diarioregionaldigital.com.br\/index.php?rest_route=\/wp\/v2\/users\/246"}],"replies":[{"embeddable":true,"href":"https:\/\/diarioregionaldigital.com.br\/index.php?rest_route=%2Fwp%2Fv2%2Fcomments&post=192799"}],"version-history":[{"count":2,"href":"https:\/\/diarioregionaldigital.com.br\/index.php?rest_route=\/wp\/v2\/posts\/192799\/revisions"}],"predecessor-version":[{"id":192802,"href":"https:\/\/diarioregionaldigital.com.br\/index.php?rest_route=\/wp\/v2\/posts\/192799\/revisions\/192802"}],"wp:featuredmedia":[{"embeddable":true,"href":"https:\/\/diarioregionaldigital.com.br\/index.php?rest_route=\/wp\/v2\/media\/192800"}],"wp:attachment":[{"href":"https:\/\/diarioregionaldigital.com.br\/index.php?rest_route=%2Fwp%2Fv2%2Fmedia&parent=192799"}],"wp:term":[{"taxonomy":"category","embeddable":true,"href":"https:\/\/diarioregionaldigital.com.br\/index.php?rest_route=%2Fwp%2Fv2%2Fcategories&post=192799"},{"taxonomy":"post_tag","embeddable":true,"href":"https:\/\/diarioregionaldigital.com.br\/index.php?rest_route=%2Fwp%2Fv2%2Ftags&post=192799"}],"curies":[{"name":"wp","href":"https:\/\/api.w.org\/{rel}","templated":true}]}}