{"id":192796,"date":"2021-12-24T14:29:09","date_gmt":"2021-12-24T17:29:09","guid":{"rendered":"https:\/\/diarioregionaldigital.com.br\/?p=192796"},"modified":"2021-12-24T14:29:09","modified_gmt":"2021-12-24T17:29:09","slug":"caixa-lanca-linha-de-antecipacao-de-frete-para-caminhoneiros","status":"publish","type":"post","link":"https:\/\/diarioregionaldigital.com.br\/?p=192796","title":{"rendered":"Caixa lan\u00e7a linha de antecipa\u00e7\u00e3o de frete para caminhoneiros"},"content":{"rendered":"<p>A partir de 24 de janeiro, as empresas de transporte rodovi\u00e1rio de carga poder\u00e3o antecipar os fretes na Caixa Econ\u00f4mica Federal. O banco lan\u00e7ar\u00e1 uma linha de opera\u00e7\u00e3o de capital de giro para o setor, com os recursos caindo diretamente na conta dos transportadores aut\u00f4nomos.<img decoding=\"async\" src=\"https:\/\/agenciabrasil.ebc.com.br\/ebc.png?id=1433813&amp;o=node\" \/><img decoding=\"async\" src=\"https:\/\/agenciabrasil.ebc.com.br\/ebc.gif?id=1433813&amp;o=node\" \/><\/p>\n<p>A linha ter\u00e1 juros a partir de 1,99% ao m\u00eas. Segundo o banco, a taxa m\u00e1xima de juros depender\u00e1 do perfil de cada empresa, baseado no hist\u00f3rico de cr\u00e9dito do tomador.<\/p>\n<p>As empresas que contratam servi\u00e7os de frete a prazo poder\u00e3o pedir \u00e0 Caixa que antecipe o pagamento diretamente para o transportador aut\u00f4nomo, que receber\u00e1 o valor \u00e0 vista na conta-corrente, caso seja correntista da Caixa, ou na conta poupan\u00e7a digital, caso use o aplicativo Caixa Tem.<\/p>\n<p>S\u00f3 poder\u00e3o ser antecipados os fretes com registro no sistema da Secretaria de Fazenda local, com base no Manifesto Eletr\u00f4nico Fiscal, documento com informa\u00e7\u00f5es sobre a carga e os respons\u00e1veis pelo transporte. O empr\u00e9stimo ser\u00e1 amortizado em parcela \u00fanica, com vencimento na data do pagamento do frete estipulada no MDF-e.<\/p>\n<p>Assim que a linha come\u00e7ar a operar, as empresas de transporte de cargas dever\u00e3o pedir a habilita\u00e7\u00e3o do limite de cr\u00e9dito em qualquer ag\u00eancia da Caixa, mediante avalia\u00e7\u00e3o de cr\u00e9dito. Ap\u00f3s a aprova\u00e7\u00e3o do limite, as empresas poder\u00e3o contratar os empr\u00e9stimos diretamente pelo Gerenciador Financeiro do banco.<\/p>\n<p><span style=\"font-weight: 400;\">Fonte: Ag\u00eancia Brasil <\/span><\/p>\n","protected":false},"excerpt":{"rendered":"<p>A partir de 24 de janeiro, as empresas de transporte rodovi\u00e1rio de carga poder\u00e3o antecipar os fretes na Caixa Econ\u00f4mica Federal. O banco lan\u00e7ar\u00e1 uma linha de opera\u00e7\u00e3o de capital de giro para o setor, com os recursos caindo diretamente na conta dos transportadores aut\u00f4nomos. A linha ter\u00e1 juros a partir de 1,99% ao m\u00eas. [&hellip;]<\/p>\n","protected":false},"author":246,"featured_media":192797,"comment_status":"closed","ping_status":"closed","sticky":false,"template":"","format":"standard","meta":{"footnotes":""},"categories":[436,261,439],"tags":[],"class_list":["post-192796","post","type-post","status-publish","format-standard","has-post-thumbnail","hentry","category-destaque-da-semana","category-economia","category-ultima-hora"],"_links":{"self":[{"href":"https:\/\/diarioregionaldigital.com.br\/index.php?rest_route=\/wp\/v2\/posts\/192796","targetHints":{"allow":["GET"]}}],"collection":[{"href":"https:\/\/diarioregionaldigital.com.br\/index.php?rest_route=\/wp\/v2\/posts"}],"about":[{"href":"https:\/\/diarioregionaldigital.com.br\/index.php?rest_route=\/wp\/v2\/types\/post"}],"author":[{"embeddable":true,"href":"https:\/\/diarioregionaldigital.com.br\/index.php?rest_route=\/wp\/v2\/users\/246"}],"replies":[{"embeddable":true,"href":"https:\/\/diarioregionaldigital.com.br\/index.php?rest_route=%2Fwp%2Fv2%2Fcomments&post=192796"}],"version-history":[{"count":1,"href":"https:\/\/diarioregionaldigital.com.br\/index.php?rest_route=\/wp\/v2\/posts\/192796\/revisions"}],"predecessor-version":[{"id":192798,"href":"https:\/\/diarioregionaldigital.com.br\/index.php?rest_route=\/wp\/v2\/posts\/192796\/revisions\/192798"}],"wp:featuredmedia":[{"embeddable":true,"href":"https:\/\/diarioregionaldigital.com.br\/index.php?rest_route=\/wp\/v2\/media\/192797"}],"wp:attachment":[{"href":"https:\/\/diarioregionaldigital.com.br\/index.php?rest_route=%2Fwp%2Fv2%2Fmedia&parent=192796"}],"wp:term":[{"taxonomy":"category","embeddable":true,"href":"https:\/\/diarioregionaldigital.com.br\/index.php?rest_route=%2Fwp%2Fv2%2Fcategories&post=192796"},{"taxonomy":"post_tag","embeddable":true,"href":"https:\/\/diarioregionaldigital.com.br\/index.php?rest_route=%2Fwp%2Fv2%2Ftags&post=192796"}],"curies":[{"name":"wp","href":"https:\/\/api.w.org\/{rel}","templated":true}]}}