{"id":192776,"date":"2021-12-23T16:31:19","date_gmt":"2021-12-23T19:31:19","guid":{"rendered":"https:\/\/diarioregionaldigital.com.br\/?p=192776"},"modified":"2021-12-23T16:31:19","modified_gmt":"2021-12-23T19:31:19","slug":"sepur-abre-processo-eleitoral-dos-representantes-da-sociedade-civil-do-comsab","status":"publish","type":"post","link":"https:\/\/diarioregionaldigital.com.br\/?p=192776","title":{"rendered":"Sepur abre processo eleitoral dos representantes da sociedade civil do Comsab"},"content":{"rendered":"<div id=\"box_texto_noticia\">\n<p>Segundo informa\u00e7\u00f5es do site da Prefeitura de Juiz de Fora, a Secretaria de Planejamento Urbano (Sepur) da Prefeitura de Juiz de Fora (PJF) informa que, nesta quinta-feira, 23, <a href=\"https:\/\/www.pjf.mg.gov.br\/e_atos\/e_atos_vis.php?id=90544\"><strong>foi publicado o edital do processo eleitoral<\/strong><\/a><strong>\u00a0<\/strong>para escolha dos representantes da sociedade civil do Conselho Municipal de Saneamento B\u00e1sico (Comsab), gest\u00e3o 2022-2024. O processo ser\u00e1 conduzido pela comiss\u00e3o eleitoral do conselho, institu\u00edda pela portaria 12.007, de 21 de dezembro de 2021.<\/p>\n<p>A cria\u00e7\u00e3o do Comsab est\u00e1 prevista na lei 14.290, de 19 de novembro de 2021, que instituiu a\u00a0<a href=\"https:\/\/www.pjf.mg.gov.br\/noticias\/view.php?modo=link2&amp;idnoticia2=73196\"><strong>Pol\u00edtica Municipal de Saneamento B\u00e1sico<\/strong><\/a>. O documento atualizou a legisla\u00e7\u00e3o do setor na cidade, em adequa\u00e7\u00e3o ao novo marco legal sobre o saneamento b\u00e1sico, implementado pela lei federal 14.026, de 15 de julho de 2020. Assim, o novo conselho ter\u00e1 poder deliberativo, consultivo e normativo, conduzindo discuss\u00f5es sobre abastecimento de \u00e1gua, coleta e tratamento de esgoto, manejo de res\u00edduos s\u00f3lidos e drenagem pluvial, al\u00e9m de efetuar o controle social dos recursos aplicados nessas \u00e1reas.<\/p>\n<p>A composi\u00e7\u00e3o do Comsab contar\u00e1 com seis representantes governamentais e seus suplentes, al\u00e9m de sete representantes da sociedade civil e seus suplentes. Os membros da sociedade civil incluem institui\u00e7\u00f5es de ensino superior, associa\u00e7\u00f5es de bairro e distritos de Juiz de Fora, entidades dos trabalhadores e institui\u00e7\u00f5es relacionadas ao setor de saneamento, como o Instituto de Arquitetos do Brasil (IAB-JF), o Centro Industrial de Juiz de Fora (CIJF) e o Sindicato da Ind\u00fastria da Constru\u00e7\u00e3o Civil de Juiz de Fora (Sinduscon-JF).<strong>\u00a0<\/strong><\/p>\n<p><strong>Sobre a elei\u00e7\u00e3o<\/strong><\/p>\n<p>A escolha dos representantes ser\u00e1 realizada em uma assembleia eletiva, no dia 13 de janeiro, \u00e0s 14h, em primeira convoca\u00e7\u00e3o, e 14h15, em segunda convoca\u00e7\u00e3o, no audit\u00f3rio do 7\u00ba andar do pr\u00e9dio da PJF, situado \u00e0 Avenida Brasil, 2.001.<\/p>\n<p>As associa\u00e7\u00f5es de bairros e institui\u00e7\u00f5es de ensino superior, que se encaixarem nas especifica\u00e7\u00f5es do regulamento do processo eletivo, podem se inscrever entre 24 de dezembro de 2021 at\u00e9 6 de janeiro de 2022,<strong>\u00a0<\/strong><a href=\"https:\/\/bityli.com\/IlcnvRZ\"><strong>via formul\u00e1rio eletr\u00f4nico<\/strong><\/a>. A inscri\u00e7\u00e3o tamb\u00e9m pode ser feita presencialmente, na sala de reuni\u00f5es da Sepur, no 5\u00ba andar da Prefeitura, nos dias 28 de dezembro, 5 e 6 de janeiro, das 8h \u00e0s 12h e de 14h \u00e0s 18h.<\/p>\n<p><strong>Outras informa\u00e7\u00f5es:<\/strong><\/p>\n<p>(32) 3690-7317 ou\u00a0secretariaexecutiva.sepur@pjf.mg.gov.br\u00a0&#8211; Secretaria de Planejamento Urbano (Sepur)<\/p><\/div>\n<p>&nbsp;<\/p>\n<div id=\"box_compartilhar\" align=\"right\"><\/div>\n","protected":false},"excerpt":{"rendered":"<p>Segundo informa\u00e7\u00f5es do site da Prefeitura de Juiz de Fora, a Secretaria de Planejamento Urbano (Sepur) da Prefeitura de Juiz de Fora (PJF) informa que, nesta quinta-feira, 23, foi publicado o edital do processo eleitoral\u00a0para escolha dos representantes da sociedade civil do Conselho Municipal de Saneamento B\u00e1sico (Comsab), gest\u00e3o 2022-2024. O processo ser\u00e1 conduzido pela [&hellip;]<\/p>\n","protected":false},"author":246,"featured_media":192777,"comment_status":"closed","ping_status":"closed","sticky":false,"template":"","format":"standard","meta":{"footnotes":""},"categories":[253,436,439],"tags":[],"class_list":["post-192776","post","type-post","status-publish","format-standard","has-post-thumbnail","hentry","category-cidade","category-destaque-da-semana","category-ultima-hora"],"_links":{"self":[{"href":"https:\/\/diarioregionaldigital.com.br\/index.php?rest_route=\/wp\/v2\/posts\/192776","targetHints":{"allow":["GET"]}}],"collection":[{"href":"https:\/\/diarioregionaldigital.com.br\/index.php?rest_route=\/wp\/v2\/posts"}],"about":[{"href":"https:\/\/diarioregionaldigital.com.br\/index.php?rest_route=\/wp\/v2\/types\/post"}],"author":[{"embeddable":true,"href":"https:\/\/diarioregionaldigital.com.br\/index.php?rest_route=\/wp\/v2\/users\/246"}],"replies":[{"embeddable":true,"href":"https:\/\/diarioregionaldigital.com.br\/index.php?rest_route=%2Fwp%2Fv2%2Fcomments&post=192776"}],"version-history":[{"count":1,"href":"https:\/\/diarioregionaldigital.com.br\/index.php?rest_route=\/wp\/v2\/posts\/192776\/revisions"}],"predecessor-version":[{"id":192778,"href":"https:\/\/diarioregionaldigital.com.br\/index.php?rest_route=\/wp\/v2\/posts\/192776\/revisions\/192778"}],"wp:featuredmedia":[{"embeddable":true,"href":"https:\/\/diarioregionaldigital.com.br\/index.php?rest_route=\/wp\/v2\/media\/192777"}],"wp:attachment":[{"href":"https:\/\/diarioregionaldigital.com.br\/index.php?rest_route=%2Fwp%2Fv2%2Fmedia&parent=192776"}],"wp:term":[{"taxonomy":"category","embeddable":true,"href":"https:\/\/diarioregionaldigital.com.br\/index.php?rest_route=%2Fwp%2Fv2%2Fcategories&post=192776"},{"taxonomy":"post_tag","embeddable":true,"href":"https:\/\/diarioregionaldigital.com.br\/index.php?rest_route=%2Fwp%2Fv2%2Ftags&post=192776"}],"curies":[{"name":"wp","href":"https:\/\/api.w.org\/{rel}","templated":true}]}}