{"id":192773,"date":"2021-12-23T16:28:43","date_gmt":"2021-12-23T19:28:43","guid":{"rendered":"https:\/\/diarioregionaldigital.com.br\/?p=192773"},"modified":"2021-12-23T16:28:43","modified_gmt":"2021-12-23T19:28:43","slug":"guarda-municipal-da-suporte-a-vistorias-da-defesa-civil","status":"publish","type":"post","link":"https:\/\/diarioregionaldigital.com.br\/?p=192773","title":{"rendered":"Guarda Municipal d\u00e1 suporte a vistorias da Defesa Civil"},"content":{"rendered":"<p>Desde o \u00faltimo fim de semana, quando fortes chuvas atingiram Juiz de Fora, equipes da Guarda Municipal, \u00f3rg\u00e3o da Secretaria de Seguran\u00e7a Urbana e Cidadania (Sesuc), est\u00e3o atuando em apoio \u00e0s interven\u00e7\u00f5es da Defesa Civil por toda a cidade. O acompanhamento da GM cumpre, al\u00e9m da fun\u00e7\u00e3o de seguran\u00e7a nos locais de vistoria, a garantia de suporte em transporte de engenheiros em visita aos locais afetados pelas chuvas.<\/p>\n<p>O trabalho em conjunto atende ao pedido do setor neste per\u00edodo de aumento significativo dos n\u00fameros de ocorr\u00eancias a serem verificadas em fun\u00e7\u00e3o da esta\u00e7\u00e3o chuvosa. Todos os anos, desde o in\u00edcio da atua\u00e7\u00e3o da Guarda Municipal, em dezembro de 2008, a corpora\u00e7\u00e3o soma esfor\u00e7os ao sistema de prote\u00e7\u00e3o e defesa das popula\u00e7\u00f5es impactadas pelos fen\u00f4menos naturais, se disponibilizando para empenhos em parceria com a Defesa Civil do munic\u00edpio.<\/p>\n<p>Segundo informa\u00e7\u00f5es do site da Prefeitura de Juiz de Fora, a Guarda Municipal \u00e9 membro do Plano de Conting\u00eancia de Desastres geol\u00f3gicos e hidrol\u00f3gicos, participando das reuni\u00f5es peri\u00f3dicas realizadas com os demais setores envolvidos no sistema de preven\u00e7\u00e3o e socorro \u00e0 situa\u00e7\u00f5es de emerg\u00eancia.<\/p>\n<p>\u00c9 caracter\u00edstica do trabalho da Guarda Municipal agir de modo integrado com outros setores. A institui\u00e7\u00e3o possui ampla experi\u00eancia em atendimentos a diversos servi\u00e7os da Prefeitura, seja junto \u00e0 fiscaliza\u00e7\u00e3o de posturas, \u00e0 sa\u00fade, \u00e0 educa\u00e7\u00e3o, \u00e0 assist\u00eancia social. Com a Defesa Civil, esta parceria existe h\u00e1 13 anos.<\/p>\n<p>Em agosto, a Guarda apoiou outra iniciativa do setor e esteve junto ao abrigo emergencial, montado na Pra\u00e7a do Riachuelo, pela Defesa Civil, para o acolhimento da popula\u00e7\u00e3o em situa\u00e7\u00e3o de rua, vulner\u00e1vel \u00e0s baixas temperaturas. Al\u00e9m da presen\u00e7a, 24 horas, para a seguran\u00e7a de servidores e volunt\u00e1rios, bem como para a manuten\u00e7\u00e3o de um ambiente de tranquilidade aos abrigados, as equipes ainda realizaram busca ativa em diversos pontos onde pessoas se abrigavam ao relento. Uma a\u00e7\u00e3o que eleva a estatura da a\u00e7\u00e3o humanit\u00e1ria do servidor da Guarda, numa clara demonstra\u00e7\u00e3o de que o trabalho da corpora\u00e7\u00e3o \u00e9, indistintamente, para todos os cidad\u00e3os.<\/p>\n","protected":false},"excerpt":{"rendered":"<p>Desde o \u00faltimo fim de semana, quando fortes chuvas atingiram Juiz de Fora, equipes da Guarda Municipal, \u00f3rg\u00e3o da Secretaria de Seguran\u00e7a Urbana e Cidadania (Sesuc), est\u00e3o atuando em apoio \u00e0s interven\u00e7\u00f5es da Defesa Civil por toda a cidade. O acompanhamento da GM cumpre, al\u00e9m da fun\u00e7\u00e3o de seguran\u00e7a nos locais de vistoria, a garantia [&hellip;]<\/p>\n","protected":false},"author":246,"featured_media":192774,"comment_status":"closed","ping_status":"closed","sticky":false,"template":"","format":"standard","meta":{"footnotes":""},"categories":[253,436,439],"tags":[],"class_list":["post-192773","post","type-post","status-publish","format-standard","has-post-thumbnail","hentry","category-cidade","category-destaque-da-semana","category-ultima-hora"],"_links":{"self":[{"href":"https:\/\/diarioregionaldigital.com.br\/index.php?rest_route=\/wp\/v2\/posts\/192773","targetHints":{"allow":["GET"]}}],"collection":[{"href":"https:\/\/diarioregionaldigital.com.br\/index.php?rest_route=\/wp\/v2\/posts"}],"about":[{"href":"https:\/\/diarioregionaldigital.com.br\/index.php?rest_route=\/wp\/v2\/types\/post"}],"author":[{"embeddable":true,"href":"https:\/\/diarioregionaldigital.com.br\/index.php?rest_route=\/wp\/v2\/users\/246"}],"replies":[{"embeddable":true,"href":"https:\/\/diarioregionaldigital.com.br\/index.php?rest_route=%2Fwp%2Fv2%2Fcomments&post=192773"}],"version-history":[{"count":1,"href":"https:\/\/diarioregionaldigital.com.br\/index.php?rest_route=\/wp\/v2\/posts\/192773\/revisions"}],"predecessor-version":[{"id":192775,"href":"https:\/\/diarioregionaldigital.com.br\/index.php?rest_route=\/wp\/v2\/posts\/192773\/revisions\/192775"}],"wp:featuredmedia":[{"embeddable":true,"href":"https:\/\/diarioregionaldigital.com.br\/index.php?rest_route=\/wp\/v2\/media\/192774"}],"wp:attachment":[{"href":"https:\/\/diarioregionaldigital.com.br\/index.php?rest_route=%2Fwp%2Fv2%2Fmedia&parent=192773"}],"wp:term":[{"taxonomy":"category","embeddable":true,"href":"https:\/\/diarioregionaldigital.com.br\/index.php?rest_route=%2Fwp%2Fv2%2Fcategories&post=192773"},{"taxonomy":"post_tag","embeddable":true,"href":"https:\/\/diarioregionaldigital.com.br\/index.php?rest_route=%2Fwp%2Fv2%2Ftags&post=192773"}],"curies":[{"name":"wp","href":"https:\/\/api.w.org\/{rel}","templated":true}]}}