{"id":192770,"date":"2021-12-23T16:27:13","date_gmt":"2021-12-23T19:27:13","guid":{"rendered":"https:\/\/diarioregionaldigital.com.br\/?p=192770"},"modified":"2021-12-23T16:27:13","modified_gmt":"2021-12-23T19:27:13","slug":"rua-halfeld-recebe-iluminacao-especial-e-apresentacao-do-coral-cesama-nesta-quinta","status":"publish","type":"post","link":"https:\/\/diarioregionaldigital.com.br\/?p=192770","title":{"rendered":"Rua Halfeld recebe ilumina\u00e7\u00e3o especial e apresenta\u00e7\u00e3o do Coral Cesama nesta quinta"},"content":{"rendered":"<p>Na noite desta quinta-feira, 23, o Cal\u00e7ad\u00e3o da Rua Halfeld vai receber ilumina\u00e7\u00e3o especial como parte da programa\u00e7\u00e3o de Natal da Prefeitura de Juiz de Fora (PJF). \u00c0s 19h, as escadarias do Cine Theatro Central recebem o Coral Cesama para uma apresenta\u00e7\u00e3o. O evento \u00e9 gratuito e aberto ao p\u00fablico.<\/p>\n<p>Segundo informa\u00e7\u00f5es do site da Prefeitura de Juiz de Fora, as lumin\u00e1rias do Cal\u00e7ad\u00e3o da Rua Halfeld receber\u00e3o o sistema de ilumina\u00e7\u00e3o LED RGB, uma aplica\u00e7\u00e3o pioneira no Brasil que permite a altera\u00e7\u00e3o de cores. Os equipamentos foram doados ao munic\u00edpio e o Programa Boniteza &#8211; atrav\u00e9s da Secretaria de Obras (SO) &#8211; realizou o projeto e a instala\u00e7\u00e3o. O sistema ser\u00e1 inaugurado durante as festividades natalinas e tamb\u00e9m poder\u00e1 ser usado em outras datas simb\u00f3licas.<\/p>\n<p><strong>Coral Cesama<\/strong><\/p>\n<p>Fundado em 1991, o Coral Cesama \u00e9 uma associa\u00e7\u00e3o sem fins lucrativos. Ele tem como objetivo promover a conscientiza\u00e7\u00e3o ambiental e divulgar a m\u00fasica popular brasileira, al\u00e9m de can\u00e7\u00f5es eruditas, sacras, negro espirituais e folcl\u00f3ricas. Ao longo dos seus 30 anos, j\u00e1 participou de eventos como o \u201cFestival Tr\u00eas Fronteiras\u201d, com apresenta\u00e7\u00f5es na Argentina e no Paraguai, e o \u201cEncanta Cruise\u201d, considerado o primeiro festival de corais em alto-mar do mundo.<\/p>\n","protected":false},"excerpt":{"rendered":"<p>Na noite desta quinta-feira, 23, o Cal\u00e7ad\u00e3o da Rua Halfeld vai receber ilumina\u00e7\u00e3o especial como parte da programa\u00e7\u00e3o de Natal da Prefeitura de Juiz de Fora (PJF). \u00c0s 19h, as escadarias do Cine Theatro Central recebem o Coral Cesama para uma apresenta\u00e7\u00e3o. O evento \u00e9 gratuito e aberto ao p\u00fablico. Segundo informa\u00e7\u00f5es do site da [&hellip;]<\/p>\n","protected":false},"author":246,"featured_media":192771,"comment_status":"closed","ping_status":"closed","sticky":false,"template":"","format":"standard","meta":{"footnotes":""},"categories":[253,436,439],"tags":[],"class_list":["post-192770","post","type-post","status-publish","format-standard","has-post-thumbnail","hentry","category-cidade","category-destaque-da-semana","category-ultima-hora"],"_links":{"self":[{"href":"https:\/\/diarioregionaldigital.com.br\/index.php?rest_route=\/wp\/v2\/posts\/192770","targetHints":{"allow":["GET"]}}],"collection":[{"href":"https:\/\/diarioregionaldigital.com.br\/index.php?rest_route=\/wp\/v2\/posts"}],"about":[{"href":"https:\/\/diarioregionaldigital.com.br\/index.php?rest_route=\/wp\/v2\/types\/post"}],"author":[{"embeddable":true,"href":"https:\/\/diarioregionaldigital.com.br\/index.php?rest_route=\/wp\/v2\/users\/246"}],"replies":[{"embeddable":true,"href":"https:\/\/diarioregionaldigital.com.br\/index.php?rest_route=%2Fwp%2Fv2%2Fcomments&post=192770"}],"version-history":[{"count":1,"href":"https:\/\/diarioregionaldigital.com.br\/index.php?rest_route=\/wp\/v2\/posts\/192770\/revisions"}],"predecessor-version":[{"id":192772,"href":"https:\/\/diarioregionaldigital.com.br\/index.php?rest_route=\/wp\/v2\/posts\/192770\/revisions\/192772"}],"wp:featuredmedia":[{"embeddable":true,"href":"https:\/\/diarioregionaldigital.com.br\/index.php?rest_route=\/wp\/v2\/media\/192771"}],"wp:attachment":[{"href":"https:\/\/diarioregionaldigital.com.br\/index.php?rest_route=%2Fwp%2Fv2%2Fmedia&parent=192770"}],"wp:term":[{"taxonomy":"category","embeddable":true,"href":"https:\/\/diarioregionaldigital.com.br\/index.php?rest_route=%2Fwp%2Fv2%2Fcategories&post=192770"},{"taxonomy":"post_tag","embeddable":true,"href":"https:\/\/diarioregionaldigital.com.br\/index.php?rest_route=%2Fwp%2Fv2%2Ftags&post=192770"}],"curies":[{"name":"wp","href":"https:\/\/api.w.org\/{rel}","templated":true}]}}