{"id":192767,"date":"2021-12-23T16:13:26","date_gmt":"2021-12-23T19:13:26","guid":{"rendered":"https:\/\/diarioregionaldigital.com.br\/?p=192767"},"modified":"2021-12-23T16:13:26","modified_gmt":"2021-12-23T19:13:26","slug":"300-familias-em-situacao-de-vulnerabilidade-recebem-cestas-basicas","status":"publish","type":"post","link":"https:\/\/diarioregionaldigital.com.br\/?p=192767","title":{"rendered":"300 fam\u00edlias em situa\u00e7\u00e3o de vulnerabilidade recebem cestas b\u00e1sicas"},"content":{"rendered":"<p>Nesta ter\u00e7a e quarta-feira, dias 21 e 22, 300 cestas b\u00e1sicas com alimentos da Agricultura Familiar foram entregues aos Centros de Refer\u00eancia de Assist\u00eancia Social (Cras) Vitorino Braga, Costa Carvalho, Olavo Costa, S\u00e3o Pedro, Barbosa Lage e Benfica. As unidades foram distribu\u00eddas \u00e0s fam\u00edlias assistidas que se encontram em situa\u00e7\u00e3o de vulnerabilidade social e que, atualmente, est\u00e3o em fila de espera para integrarem ao Programa de Seguran\u00e7a Alimentar para o recebimento de cestas b\u00e1sicas, da Secretaria de Assist\u00eancia Social (SAS) da Prefeitura de Juiz de Fora (PJF).<\/p>\n<p>Segundo informa\u00e7\u00f5es do site da Prefeitura de Juiz de Fora, a entrega das cestas foi realizada pelo Movimento Sem Terra e pelo coletivo Monte de Gente Interessada em Cultivo Org\u00e2nico (Mogico), e intermediada pela Secretaria de Agricultura, Pecu\u00e1ria e Abastecimento (Seapa).<\/p>\n<p>As cestas b\u00e1sicas continham alimentos agroecol\u00f3gicos e org\u00e2nicos, ou seja, sem agrot\u00f3xicos, como feij\u00e3o, arroz, legumes, frutas, caf\u00e9, fub\u00e1, a\u00e7\u00facar mascavo e p\u00e3es.\u00a0<a href=\"https:\/\/www.pjf.mg.gov.br\/noticias\/view.php?modo=link2&amp;idnoticia2=73042\">Em novembro, outros tr\u00eas Cras receberam as cestas e beneficiaram 200 fam\u00edlias<\/a>.<\/p>\n<p>\u201cEssa parceria \u00e9 muito bem-vinda e tem um processo duplo: os alimentos de qualidade chegam para quem mais precisa e ainda gera trabalho e renda para os agricultores familiares que produzem esses alimentos, montam as cestas e ainda v\u00e3o pessoalmente entreg\u00e1-las nos Cras\u201d, destacou a secret\u00e1ria da Seapa, Fabiola Paulino da Silva.<\/p>\n","protected":false},"excerpt":{"rendered":"<p>Nesta ter\u00e7a e quarta-feira, dias 21 e 22, 300 cestas b\u00e1sicas com alimentos da Agricultura Familiar foram entregues aos Centros de Refer\u00eancia de Assist\u00eancia Social (Cras) Vitorino Braga, Costa Carvalho, Olavo Costa, S\u00e3o Pedro, Barbosa Lage e Benfica. As unidades foram distribu\u00eddas \u00e0s fam\u00edlias assistidas que se encontram em situa\u00e7\u00e3o de vulnerabilidade social e que, [&hellip;]<\/p>\n","protected":false},"author":246,"featured_media":192768,"comment_status":"closed","ping_status":"closed","sticky":false,"template":"","format":"standard","meta":{"footnotes":""},"categories":[253,436,440,439],"tags":[],"class_list":["post-192767","post","type-post","status-publish","format-standard","has-post-thumbnail","hentry","category-cidade","category-destaque-da-semana","category-destaques-do-dia","category-ultima-hora"],"_links":{"self":[{"href":"https:\/\/diarioregionaldigital.com.br\/index.php?rest_route=\/wp\/v2\/posts\/192767","targetHints":{"allow":["GET"]}}],"collection":[{"href":"https:\/\/diarioregionaldigital.com.br\/index.php?rest_route=\/wp\/v2\/posts"}],"about":[{"href":"https:\/\/diarioregionaldigital.com.br\/index.php?rest_route=\/wp\/v2\/types\/post"}],"author":[{"embeddable":true,"href":"https:\/\/diarioregionaldigital.com.br\/index.php?rest_route=\/wp\/v2\/users\/246"}],"replies":[{"embeddable":true,"href":"https:\/\/diarioregionaldigital.com.br\/index.php?rest_route=%2Fwp%2Fv2%2Fcomments&post=192767"}],"version-history":[{"count":1,"href":"https:\/\/diarioregionaldigital.com.br\/index.php?rest_route=\/wp\/v2\/posts\/192767\/revisions"}],"predecessor-version":[{"id":192769,"href":"https:\/\/diarioregionaldigital.com.br\/index.php?rest_route=\/wp\/v2\/posts\/192767\/revisions\/192769"}],"wp:featuredmedia":[{"embeddable":true,"href":"https:\/\/diarioregionaldigital.com.br\/index.php?rest_route=\/wp\/v2\/media\/192768"}],"wp:attachment":[{"href":"https:\/\/diarioregionaldigital.com.br\/index.php?rest_route=%2Fwp%2Fv2%2Fmedia&parent=192767"}],"wp:term":[{"taxonomy":"category","embeddable":true,"href":"https:\/\/diarioregionaldigital.com.br\/index.php?rest_route=%2Fwp%2Fv2%2Fcategories&post=192767"},{"taxonomy":"post_tag","embeddable":true,"href":"https:\/\/diarioregionaldigital.com.br\/index.php?rest_route=%2Fwp%2Fv2%2Ftags&post=192767"}],"curies":[{"name":"wp","href":"https:\/\/api.w.org\/{rel}","templated":true}]}}