{"id":192758,"date":"2021-12-23T15:51:02","date_gmt":"2021-12-23T18:51:02","guid":{"rendered":"https:\/\/diarioregionaldigital.com.br\/?p=192758"},"modified":"2021-12-23T15:51:02","modified_gmt":"2021-12-23T18:51:02","slug":"organizadores-do-aberto-da-australia-creem-na-presenca-de-rafael-nadal","status":"publish","type":"post","link":"https:\/\/diarioregionaldigital.com.br\/?p=192758","title":{"rendered":"Organizadores do Aberto da Austr\u00e1lia creem na presen\u00e7a de Rafael Nadal"},"content":{"rendered":"<p>O chefe do Aberto da Austr\u00e1lia, Craig Tiley, expressou a confian\u00e7a de que o espanhol Rafael Nadal ir\u00e1 ao Melbourne Park para o Grand Slam do m\u00eas que vem, apesar de ter sido diagnosticado com o novo coronav\u00edrus (covid-19), mas disse que ainda n\u00e3o sabe ao certo se Novak Djokovic jogar\u00e1.<img decoding=\"async\" src=\"https:\/\/agenciabrasil.ebc.com.br\/ebc.png?id=1433522&amp;o=node\" \/><img decoding=\"async\" src=\"https:\/\/agenciabrasil.ebc.com.br\/ebc.gif?id=1433522&amp;o=node\" \/><\/p>\n<p>Nadal foi infectado pelo novo coronav\u00edrus enquanto participava de um torneio de exibi\u00e7\u00e3o em Abu Dhabi na semana passada, e disse que tomar\u00e1 uma decis\u00e3o sobre torneios futuros dependendo de sua \u201cevolu\u00e7\u00e3o\u201d nas pr\u00f3ximas semanas.<\/p>\n<p>\u201cTenho confian\u00e7a de que Rafa estar\u00e1 aqui\u201d, disse Tiley, o organizador do torneio, a respeito do campe\u00e3o de 20 Grand Slams nesta quarta-feira (22).<\/p>\n<p>\u201cOs tenistas que est\u00e3o tendo exames positivos agora completar\u00e3o um per\u00edodo de tempo at\u00e9 n\u00e3o serem mais infecciosos e ficar\u00e3o bem. Se for para voc\u00ea ter um exame positivo e querer jogar no Aberto da Austr\u00e1lia, este momento seria agora\u201d, declarou.<\/p>\n<p>Tiley reiterou que todos os tenistas e empregados do Aberto da Austr\u00e1lia ser\u00e3o vacinados ou ter\u00e3o uma isen\u00e7\u00e3o m\u00e9dica concedida por uma comiss\u00e3o de especialistas independente.<\/p>\n<p>Estas exig\u00eancias impedem Djokovic, que se recusa a revelar se est\u00e1 vacinado citando sua privacidade, de confirmar se buscar\u00e1 seu 21\u00ba t\u00edtulo de Grand Slam e um d\u00e9cimo trof\u00e9u do Aberto da Austr\u00e1lia em janeiro.<\/p>\n<p>Tiley disse n\u00e3o ter conhecimento de nenhum tenista que tenha recebido isen\u00e7\u00e3o m\u00e9dica, e que cabe ao s\u00e9rvio expor com quais crit\u00e9rios teria direito de entrar na Austr\u00e1lia.<\/p>\n<p><span style=\"font-weight: 400;\">Fonte: Ag\u00eancia Brasil <\/span><\/p>\n","protected":false},"excerpt":{"rendered":"<p>O chefe do Aberto da Austr\u00e1lia, Craig Tiley, expressou a confian\u00e7a de que o espanhol Rafael Nadal ir\u00e1 ao Melbourne Park para o Grand Slam do m\u00eas que vem, apesar de ter sido diagnosticado com o novo coronav\u00edrus (covid-19), mas disse que ainda n\u00e3o sabe ao certo se Novak Djokovic jogar\u00e1. Nadal foi infectado pelo [&hellip;]<\/p>\n","protected":false},"author":246,"featured_media":192759,"comment_status":"closed","ping_status":"closed","sticky":false,"template":"","format":"standard","meta":{"footnotes":""},"categories":[436,257,439],"tags":[],"class_list":["post-192758","post","type-post","status-publish","format-standard","has-post-thumbnail","hentry","category-destaque-da-semana","category-esporte","category-ultima-hora"],"_links":{"self":[{"href":"https:\/\/diarioregionaldigital.com.br\/index.php?rest_route=\/wp\/v2\/posts\/192758","targetHints":{"allow":["GET"]}}],"collection":[{"href":"https:\/\/diarioregionaldigital.com.br\/index.php?rest_route=\/wp\/v2\/posts"}],"about":[{"href":"https:\/\/diarioregionaldigital.com.br\/index.php?rest_route=\/wp\/v2\/types\/post"}],"author":[{"embeddable":true,"href":"https:\/\/diarioregionaldigital.com.br\/index.php?rest_route=\/wp\/v2\/users\/246"}],"replies":[{"embeddable":true,"href":"https:\/\/diarioregionaldigital.com.br\/index.php?rest_route=%2Fwp%2Fv2%2Fcomments&post=192758"}],"version-history":[{"count":1,"href":"https:\/\/diarioregionaldigital.com.br\/index.php?rest_route=\/wp\/v2\/posts\/192758\/revisions"}],"predecessor-version":[{"id":192760,"href":"https:\/\/diarioregionaldigital.com.br\/index.php?rest_route=\/wp\/v2\/posts\/192758\/revisions\/192760"}],"wp:featuredmedia":[{"embeddable":true,"href":"https:\/\/diarioregionaldigital.com.br\/index.php?rest_route=\/wp\/v2\/media\/192759"}],"wp:attachment":[{"href":"https:\/\/diarioregionaldigital.com.br\/index.php?rest_route=%2Fwp%2Fv2%2Fmedia&parent=192758"}],"wp:term":[{"taxonomy":"category","embeddable":true,"href":"https:\/\/diarioregionaldigital.com.br\/index.php?rest_route=%2Fwp%2Fv2%2Fcategories&post=192758"},{"taxonomy":"post_tag","embeddable":true,"href":"https:\/\/diarioregionaldigital.com.br\/index.php?rest_route=%2Fwp%2Fv2%2Ftags&post=192758"}],"curies":[{"name":"wp","href":"https:\/\/api.w.org\/{rel}","templated":true}]}}