{"id":192755,"date":"2021-12-23T15:48:56","date_gmt":"2021-12-23T18:48:56","guid":{"rendered":"https:\/\/diarioregionaldigital.com.br\/?p=192755"},"modified":"2021-12-23T15:48:56","modified_gmt":"2021-12-23T18:48:56","slug":"rafael-navarro-e-anunciado-oficialmente-pelo-palmeiras","status":"publish","type":"post","link":"https:\/\/diarioregionaldigital.com.br\/?p=192755","title":{"rendered":"Rafael Navarro \u00e9 anunciado oficialmente pelo Palmeiras"},"content":{"rendered":"<p>Atual campe\u00e3o da Ta\u00e7a Libertadores, o Palmeiras continua se refor\u00e7ando para a pr\u00f3xima temporada. Ap\u00f3s acertar com o goleiro Marcelo Lomba (ex-Internacional) e o meio-campista colombiano Eduard Atuesta (que estava no Los Angeles FC), o Verd\u00e3o anunciou nesta quarta-feira (22) a contrata\u00e7\u00e3o do atacante Rafael Navarro, que se destacou defendendo o Botafogo em 2021.<img decoding=\"async\" src=\"https:\/\/agenciabrasil.ebc.com.br\/ebc.png?id=1433518&amp;o=node\" \/><img decoding=\"async\" src=\"https:\/\/agenciabrasil.ebc.com.br\/ebc.gif?id=1433518&amp;o=node\" \/><\/p>\n<p>O atacante de 21 anos assinou com a equipe paulista at\u00e9 o fim de 2026. Navarro terminou a S\u00e9rie B como o atleta com mais participa\u00e7\u00f5es em gols na competi\u00e7\u00e3o (24 no total, sendo 15 bolas na rede e nove assist\u00eancias).<\/p>\n<p>\u201cEstou muito grato a Deus, \u00e0 minha fam\u00edlia e ao Palmeiras por abrir as portas para mim. A minha temporada de 2021 foi maravilhosa, foi um ano m\u00e1gico e agrade\u00e7o tamb\u00e9m ao Botafogo por ter acreditado no meu trabalho. Quando recebi a proposta, foi uma felicidade enorme, afinal \u00e9 o Maior Campe\u00e3o do Brasil. Estou muito feliz e espero corresponder \u00e0 altura\u201d, disse o atacante ap\u00f3s o an\u00fancio do seu acerto com o Palmeiras.<\/p>\n<p><span style=\"font-weight: 400;\">Fonte: Ag\u00eancia Brasil <\/span><\/p>\n","protected":false},"excerpt":{"rendered":"<p>Atual campe\u00e3o da Ta\u00e7a Libertadores, o Palmeiras continua se refor\u00e7ando para a pr\u00f3xima temporada. Ap\u00f3s acertar com o goleiro Marcelo Lomba (ex-Internacional) e o meio-campista colombiano Eduard Atuesta (que estava no Los Angeles FC), o Verd\u00e3o anunciou nesta quarta-feira (22) a contrata\u00e7\u00e3o do atacante Rafael Navarro, que se destacou defendendo o Botafogo em 2021. O [&hellip;]<\/p>\n","protected":false},"author":246,"featured_media":192756,"comment_status":"closed","ping_status":"closed","sticky":false,"template":"","format":"standard","meta":{"footnotes":""},"categories":[436,440,257,439],"tags":[],"class_list":["post-192755","post","type-post","status-publish","format-standard","has-post-thumbnail","hentry","category-destaque-da-semana","category-destaques-do-dia","category-esporte","category-ultima-hora"],"_links":{"self":[{"href":"https:\/\/diarioregionaldigital.com.br\/index.php?rest_route=\/wp\/v2\/posts\/192755","targetHints":{"allow":["GET"]}}],"collection":[{"href":"https:\/\/diarioregionaldigital.com.br\/index.php?rest_route=\/wp\/v2\/posts"}],"about":[{"href":"https:\/\/diarioregionaldigital.com.br\/index.php?rest_route=\/wp\/v2\/types\/post"}],"author":[{"embeddable":true,"href":"https:\/\/diarioregionaldigital.com.br\/index.php?rest_route=\/wp\/v2\/users\/246"}],"replies":[{"embeddable":true,"href":"https:\/\/diarioregionaldigital.com.br\/index.php?rest_route=%2Fwp%2Fv2%2Fcomments&post=192755"}],"version-history":[{"count":1,"href":"https:\/\/diarioregionaldigital.com.br\/index.php?rest_route=\/wp\/v2\/posts\/192755\/revisions"}],"predecessor-version":[{"id":192757,"href":"https:\/\/diarioregionaldigital.com.br\/index.php?rest_route=\/wp\/v2\/posts\/192755\/revisions\/192757"}],"wp:featuredmedia":[{"embeddable":true,"href":"https:\/\/diarioregionaldigital.com.br\/index.php?rest_route=\/wp\/v2\/media\/192756"}],"wp:attachment":[{"href":"https:\/\/diarioregionaldigital.com.br\/index.php?rest_route=%2Fwp%2Fv2%2Fmedia&parent=192755"}],"wp:term":[{"taxonomy":"category","embeddable":true,"href":"https:\/\/diarioregionaldigital.com.br\/index.php?rest_route=%2Fwp%2Fv2%2Fcategories&post=192755"},{"taxonomy":"post_tag","embeddable":true,"href":"https:\/\/diarioregionaldigital.com.br\/index.php?rest_route=%2Fwp%2Fv2%2Ftags&post=192755"}],"curies":[{"name":"wp","href":"https:\/\/api.w.org\/{rel}","templated":true}]}}