{"id":192746,"date":"2021-12-23T15:22:16","date_gmt":"2021-12-23T18:22:16","guid":{"rendered":"https:\/\/diarioregionaldigital.com.br\/?p=192746"},"modified":"2021-12-23T15:22:16","modified_gmt":"2021-12-23T18:22:16","slug":"orcamento-de-2022-e-aprovado-pelo-congresso-nacional","status":"publish","type":"post","link":"https:\/\/diarioregionaldigital.com.br\/?p=192746","title":{"rendered":"Or\u00e7amento de 2022 \u00e9 aprovado pelo Congresso Nacional"},"content":{"rendered":"<p>O Congresso Nacional aprovou na noite desta ter\u00e7a-feira (21) o relat\u00f3rio final do projeto de lei or\u00e7ament\u00e1ria de 2022. A mat\u00e9ria segue para san\u00e7\u00e3o presidencial.<img decoding=\"async\" src=\"https:\/\/agenciabrasil.ebc.com.br\/ebc.png?id=1433406&amp;o=node\" \/><img decoding=\"async\" src=\"https:\/\/agenciabrasil.ebc.com.br\/ebc.gif?id=1433406&amp;o=node\" \/><\/p>\n<p>O Or\u00e7amento do ano que vem prev\u00ea valor total da despesa para 2022 de R$ 4,82 trilh\u00f5es, dos quais R$ 1,88 trilh\u00e3o refere-se ao refinanciamento da d\u00edvida p\u00fablica.<\/p>\n<p>O texto foi aprovado em sess\u00e3o separada do Congresso Nacional, como tem acontecido em virtude da pandemia de Covid-19.\u00a0<a href=\"https:\/\/agenciabrasil.ebc.com.br\/politica\/noticia\/2021-12\/camara-aprova-orcamento-para-2022\" target=\"_blank\" rel=\"noopener\">Entre os deputados<\/a>, a proposta foi aprovada por 358 votos favor\u00e1veis e 97 contr\u00e1rios. No Senado, o texto passou por 51 votos a 20.<\/p>\n<p>O Or\u00e7amento para 2022 concede de mais R$ 2 bilh\u00f5es para reajuste de servidores do Poder Executivo, destina R$ 800 milh\u00f5es para o reajuste de agentes comunit\u00e1rios de sa\u00fade e fixa o Fundo Eleitoral em R$ 4,934 bilh\u00f5es. O aumento para os servidores j\u00e1 havia sido rejeitado pelo relator, deputado Hugo Leal (PSD-RJ), mas foi viabilizado ap\u00f3s acordo entre os parlamentares e cortes no Or\u00e7amento.<\/p>\n<p>O texto tamb\u00e9m prev\u00ea tem aumento para os recursos para educa\u00e7\u00e3o. O Or\u00e7amento prev\u00ea R$ 113,4 bilh\u00f5es na manuten\u00e7\u00e3o e no desenvolvimento do ensino em 2022. A complementa\u00e7\u00e3o da Uni\u00e3o ao Fundo Nacional da Educa\u00e7\u00e3o B\u00e1sica (Fundeb) ser\u00e1 de R$ 30,1 bilh\u00f5es.<\/p>\n<p>A proposta de Or\u00e7amento para 2022 estabelece o sal\u00e1rio m\u00ednimo no valor de R$ 1.210 para o pr\u00f3ximo ano. Esse montante representa aumento de 10,04% em rela\u00e7\u00e3o ao sal\u00e1rio m\u00ednimo atual de R$ 1,1 mil. A varia\u00e7\u00e3o corresponde \u00e0 proje\u00e7\u00e3o oficial da Secretaria de Pol\u00edtica Econ\u00f4mica (SPE) do Minist\u00e9rio da Economia para o \u00cdndice Nacional de Pre\u00e7os ao Consumidor (INPC) para este ano. O que indicaria mais um ano sem ganhos reais (reajuste acima da infla\u00e7\u00e3o).<\/p>\n<p>No projeto original do Poder Executivo, o financiamento de campanhas eleitorais teria R$ 2,1 bilh\u00f5es no ano que vem. O valor foi reajustado pelos parlamentares e, na primeira vers\u00e3o do relat\u00f3rio, seriam destinados R$ 5,1 bilh\u00f5es. O montante final que foi aprovado no Or\u00e7amento para o financiamento p\u00fablico para o pleito de 2022 foi R$ 4,9 bilh\u00f5es. Durante a vota\u00e7\u00e3o no Senado, parlamentares tentaram diminuir esse valor, mas foram derrotados.<\/p>\n<p>O Or\u00e7amento 2022 destina R$ 89 bilh\u00f5es para o pagamento do Aux\u00edlio Brasil, no valor de R$ 400 mensais por fam\u00edlia. No projeto original, enviado pelo Poder Executivo, destinava R$ 34,7 bilh\u00f5es. J\u00e1 as despesas com Sa\u00fade tiveram um crescimento de R$ 15 bilh\u00f5es em rela\u00e7\u00e3o \u00e0 proposta original encaminhada pelo Poder Executivo, chegando a mais de R$ 160 bilh\u00f5es.<\/p>\n<p>No relat\u00f3rio final, as emendas de relator somam R$ 16,5 bilh\u00f5es e v\u00e3o atender 30 programa\u00e7\u00f5es diferentes. As principais s\u00e3o custeio dos servi\u00e7os de aten\u00e7\u00e3o prim\u00e1ria \u00e0 sa\u00fade (R$ 4,68 bilh\u00f5es) e servi\u00e7os de assist\u00eancia hospitalar e ambulatorial (R$ 2,6 bilh\u00f5es).<\/p>\n<p><span style=\"font-weight: 400;\">Fonte: Ag\u00eancia Brasil <\/span><\/p>\n","protected":false},"excerpt":{"rendered":"<p>O Congresso Nacional aprovou na noite desta ter\u00e7a-feira (21) o relat\u00f3rio final do projeto de lei or\u00e7ament\u00e1ria de 2022. A mat\u00e9ria segue para san\u00e7\u00e3o presidencial. O Or\u00e7amento do ano que vem prev\u00ea valor total da despesa para 2022 de R$ 4,82 trilh\u00f5es, dos quais R$ 1,88 trilh\u00e3o refere-se ao refinanciamento da d\u00edvida p\u00fablica. O texto [&hellip;]<\/p>\n","protected":false},"author":246,"featured_media":192747,"comment_status":"closed","ping_status":"closed","sticky":false,"template":"","format":"standard","meta":{"footnotes":""},"categories":[436,254,439],"tags":[],"class_list":["post-192746","post","type-post","status-publish","format-standard","has-post-thumbnail","hentry","category-destaque-da-semana","category-politica","category-ultima-hora"],"_links":{"self":[{"href":"https:\/\/diarioregionaldigital.com.br\/index.php?rest_route=\/wp\/v2\/posts\/192746","targetHints":{"allow":["GET"]}}],"collection":[{"href":"https:\/\/diarioregionaldigital.com.br\/index.php?rest_route=\/wp\/v2\/posts"}],"about":[{"href":"https:\/\/diarioregionaldigital.com.br\/index.php?rest_route=\/wp\/v2\/types\/post"}],"author":[{"embeddable":true,"href":"https:\/\/diarioregionaldigital.com.br\/index.php?rest_route=\/wp\/v2\/users\/246"}],"replies":[{"embeddable":true,"href":"https:\/\/diarioregionaldigital.com.br\/index.php?rest_route=%2Fwp%2Fv2%2Fcomments&post=192746"}],"version-history":[{"count":1,"href":"https:\/\/diarioregionaldigital.com.br\/index.php?rest_route=\/wp\/v2\/posts\/192746\/revisions"}],"predecessor-version":[{"id":192748,"href":"https:\/\/diarioregionaldigital.com.br\/index.php?rest_route=\/wp\/v2\/posts\/192746\/revisions\/192748"}],"wp:featuredmedia":[{"embeddable":true,"href":"https:\/\/diarioregionaldigital.com.br\/index.php?rest_route=\/wp\/v2\/media\/192747"}],"wp:attachment":[{"href":"https:\/\/diarioregionaldigital.com.br\/index.php?rest_route=%2Fwp%2Fv2%2Fmedia&parent=192746"}],"wp:term":[{"taxonomy":"category","embeddable":true,"href":"https:\/\/diarioregionaldigital.com.br\/index.php?rest_route=%2Fwp%2Fv2%2Fcategories&post=192746"},{"taxonomy":"post_tag","embeddable":true,"href":"https:\/\/diarioregionaldigital.com.br\/index.php?rest_route=%2Fwp%2Fv2%2Ftags&post=192746"}],"curies":[{"name":"wp","href":"https:\/\/api.w.org\/{rel}","templated":true}]}}