{"id":192570,"date":"2021-12-20T15:43:10","date_gmt":"2021-12-20T18:43:10","guid":{"rendered":"https:\/\/diarioregionaldigital.com.br\/?p=192570"},"modified":"2021-12-20T15:43:10","modified_gmt":"2021-12-20T18:43:10","slug":"policia-civil-conclui-primeira-fase-do-concurso-2021-com-mais-de-80-mil-candidatos","status":"publish","type":"post","link":"https:\/\/diarioregionaldigital.com.br\/?p=192570","title":{"rendered":"Pol\u00edcia Civil conclui primeira fase do concurso 2021 com mais de 80 mil candidatos"},"content":{"rendered":"<p>O investigador Vander Tavares Gomes, h\u00e1 31 anos na carreira, fez parte, neste domingo (19\/12), de mais uma importante opera\u00e7\u00e3o da\u00a0<a href=\"https:\/\/www.policiacivil.mg.gov.br\/\" target=\"_blank\" rel=\"noopener noreferrer\">Pol\u00edcia Civil de Minas Gerais (PCMG)<\/a>: a composi\u00e7\u00e3o da equipe de apoio para a aplica\u00e7\u00e3o de provas objetivas do concurso 2021. Ao todo, o processo seletivo alcan\u00e7ou mais de 80 mil candidaturas aos cargos de delegado, escriv\u00e3o, investigador, m\u00e9dico-legista e perito criminal.<\/p>\n<p>O inspetor, que est\u00e1 encerrando sua trajet\u00f3ria profissional no Departamento Estadual de Combate ao Narcotr\u00e1fico (Denarc), revela o que os novos policiais v\u00e3o encontrar. \u201cUma pol\u00edcia mais bem estruturada, com mais recursos, m\u00e9todos e tecnologia para combater a criminalidade e realizar a investiga\u00e7\u00e3o criminal, que \u00e9 o nosso objetivo principal\u201d, descreve Vander Gomes.<\/p>\n<p>O chefe da PCMG, delegado-geral Joaquim Francisco Neto e Silva, ressalta o incremento nos quadros de pessoal da Pol\u00edcia Civil a partir da realiza\u00e7\u00e3o do certame. \u201c\u00c9 com satisfa\u00e7\u00e3o e orgulho que realizamos a primeira etapa do concurso p\u00fablico. Com isso, vamos viabilizar o ingresso de 519 novos policiais para a elucida\u00e7\u00e3o de crimes em Minas Gerais\u201d, observa, ao pontuar que, atualmente, Minas \u00e9 considerado o estado mais seguro do pa\u00eds, segundo o Minist\u00e9rio da Justi\u00e7a e Seguran\u00e7a P\u00fablica.<\/p>\n<p><strong>Log\u00edstica e seguran\u00e7a<\/strong><\/p>\n<p>A primeira etapa do concurso, realizada pela Funda\u00e7\u00e3o Mariana Resende Costa (Fumarc), com acompanhamento integral da Academia de Pol\u00edcia Civil (Acadepol-MG), foi dividida em dois dias. No domingo passado (12\/11), foi a vez dos interessados nas carreiras de m\u00e9dico-legista (nove vagas), perito criminal (21) e investigador de pol\u00edcia (30) participarem do certame, totalizando mais de 28 mil candidatos.\u00a0No\u00a0domingo (19\/12),\u00a0mais de 52 mil pessoas fizeram as provas para os cargos de delegado de pol\u00edcia (62 vagas) e escriv\u00e3o de pol\u00edcia (397).<\/p>\n<p>As provas foram aplicadas em mais de 50 unidades de ensino, p\u00fablicas e particulares de Belo Horizonte. Para garantir a seguran\u00e7a e a lisura nos dois dias de testes, mais de 1,3 ml servidores atuaram nas atividades de coordena\u00e7\u00e3o e fiscaliza\u00e7\u00e3o no interior dos pr\u00e9dios; no monitoramento de \u00e1reas externas, incluindo apoio t\u00e1tico e a\u00e9reo, no atendimento m\u00e9dico a candidatos e colaboradores; e na identifica\u00e7\u00e3o (coleta e an\u00e1lise de impress\u00f5es digitais), nos casos de suspeita ou necessidade de verifica\u00e7\u00e3o de identidade.<\/p>\n<p>Ainda houve um minucioso trabalho de intelig\u00eancia policial, sobretudo para evitar fraudes, e foi designada equipe exclusiva para a denominada delegacia do concurso, respons\u00e1vel por receber as ocorr\u00eancias relacionadas com o certame.<\/p>\n<p><strong>Organiza\u00e7\u00e3o<\/strong><\/p>\n<p>O reconhecimento aos esfor\u00e7os empreendidos \u00e9 destacado pelo\u00a0chefe da PCMG. \u201cQuero aqui agradecer o apoio enorme do governador Romeu Zema e tamb\u00e9m \u00e0 Academia (Acadepol-MG), como toda a sua equipe e colaboradores que trabalharam com muito afinco, dedica\u00e7\u00e3o e integridade para a realiza\u00e7\u00e3o da primeira etapa do concurso. A todos voc\u00eas, registro o meu agradecimento\u201d, conclui Joaquim Francisco.<\/p>\n<p><span style=\"font-weight: 400;\">Fonte: Ag\u00eancia Minas <\/span><\/p>\n","protected":false},"excerpt":{"rendered":"<p>O investigador Vander Tavares Gomes, h\u00e1 31 anos na carreira, fez parte, neste domingo (19\/12), de mais uma importante opera\u00e7\u00e3o da\u00a0Pol\u00edcia Civil de Minas Gerais (PCMG): a composi\u00e7\u00e3o da equipe de apoio para a aplica\u00e7\u00e3o de provas objetivas do concurso 2021. Ao todo, o processo seletivo alcan\u00e7ou mais de 80 mil candidaturas aos cargos de [&hellip;]<\/p>\n","protected":false},"author":246,"featured_media":192571,"comment_status":"closed","ping_status":"closed","sticky":false,"template":"","format":"standard","meta":{"footnotes":""},"categories":[436,254,439],"tags":[],"class_list":["post-192570","post","type-post","status-publish","format-standard","has-post-thumbnail","hentry","category-destaque-da-semana","category-politica","category-ultima-hora"],"_links":{"self":[{"href":"https:\/\/diarioregionaldigital.com.br\/index.php?rest_route=\/wp\/v2\/posts\/192570","targetHints":{"allow":["GET"]}}],"collection":[{"href":"https:\/\/diarioregionaldigital.com.br\/index.php?rest_route=\/wp\/v2\/posts"}],"about":[{"href":"https:\/\/diarioregionaldigital.com.br\/index.php?rest_route=\/wp\/v2\/types\/post"}],"author":[{"embeddable":true,"href":"https:\/\/diarioregionaldigital.com.br\/index.php?rest_route=\/wp\/v2\/users\/246"}],"replies":[{"embeddable":true,"href":"https:\/\/diarioregionaldigital.com.br\/index.php?rest_route=%2Fwp%2Fv2%2Fcomments&post=192570"}],"version-history":[{"count":1,"href":"https:\/\/diarioregionaldigital.com.br\/index.php?rest_route=\/wp\/v2\/posts\/192570\/revisions"}],"predecessor-version":[{"id":192572,"href":"https:\/\/diarioregionaldigital.com.br\/index.php?rest_route=\/wp\/v2\/posts\/192570\/revisions\/192572"}],"wp:featuredmedia":[{"embeddable":true,"href":"https:\/\/diarioregionaldigital.com.br\/index.php?rest_route=\/wp\/v2\/media\/192571"}],"wp:attachment":[{"href":"https:\/\/diarioregionaldigital.com.br\/index.php?rest_route=%2Fwp%2Fv2%2Fmedia&parent=192570"}],"wp:term":[{"taxonomy":"category","embeddable":true,"href":"https:\/\/diarioregionaldigital.com.br\/index.php?rest_route=%2Fwp%2Fv2%2Fcategories&post=192570"},{"taxonomy":"post_tag","embeddable":true,"href":"https:\/\/diarioregionaldigital.com.br\/index.php?rest_route=%2Fwp%2Fv2%2Ftags&post=192570"}],"curies":[{"name":"wp","href":"https:\/\/api.w.org\/{rel}","templated":true}]}}