{"id":192567,"date":"2021-12-20T15:37:11","date_gmt":"2021-12-20T18:37:11","guid":{"rendered":"https:\/\/diarioregionaldigital.com.br\/?p=192567"},"modified":"2021-12-20T15:37:11","modified_gmt":"2021-12-20T18:37:11","slug":"corpo-de-bombeiros-inaugura-unidade-no-triangulo-mineiro","status":"publish","type":"post","link":"https:\/\/diarioregionaldigital.com.br\/?p=192567","title":{"rendered":"Corpo de Bombeiros inaugura unidade no Tri\u00e2ngulo Mineiro"},"content":{"rendered":"<p>O\u00a0<a href=\"https:\/\/www.bombeiros.mg.gov.br\/\" target=\"_blank\" rel=\"noopener\">Corpo de Bombeiros Militar de Minas Gerais<\/a>\u00a0inaugurou Posto Avan\u00e7ado (PA) na cidade de Tupaciguara, no Tri\u00e2ngulo Mineiro, em 17\/12.<br \/>\nComandante-geral do CBMMG, o coronel Edgard Estevo da Silva \u00a0destacou que a sinergia de esfor\u00e7os entre o Corpo de Bombeiros e a\u00e7\u00f5es planejadas estrategicamente com o\u00a0<a href=\"https:\/\/www.mg.gov.br\/\" target=\"_blank\" rel=\"noopener\">Governo de Minas<\/a>\u00a0tem possibilitado, dentro do plano de comando, que a corpora\u00e7\u00e3o cres\u00e7a, estando cada dia mais pr\u00f3xima de todos os mineiros. Ele pontuou tamb\u00e9m que a presen\u00e7a do CBMMG reduz o tempo resposta no atendimento \u00e0s ocorr\u00eancias, favorece e potencializa o sistema econ\u00f4mico local, a resili\u00eancia do munic\u00edpio, bem como a seguran\u00e7a das pessoas e tamb\u00e9m de edifica\u00e7\u00f5es de uso coletivo quanto \u00e0 preven\u00e7\u00e3o contra inc\u00eandio e p\u00e2nico.<\/p>\n<p><strong>Benef\u00edcios\u00a0<\/strong><\/p>\n<p>\u00c0 disposi\u00e7\u00e3o da popula\u00e7\u00e3o todos os dias da semana, com funcionamento ininterrupto, o Posto Avan\u00e7ado atender\u00e1 n\u00e3o s\u00f3 ao munic\u00edpio sede, mas tamb\u00e9m aos munic\u00edpios de Arapor\u00e3 e Centralina, que passam por regi\u00f5es fronteiri\u00e7as com o estado de Goi\u00e1s, totalizando uma \u00e1rea de quase 2 mil quil\u00f4metros quadrados.<\/p>\n<p>Com uma popula\u00e7\u00e3o estimada em 25 mil habitantes, o munic\u00edpio de Tupaciguara abriga diversos pontos tur\u00edsticos como a cachoeira do Rio Bonito, a Ilha dos Carneiros e o Grande Lago, reservat\u00f3rio da Usina de Furnas em Itumbiara, j\u00e1 no estado de Goi\u00e1s.<\/p>\n<p>As rodovias federais mais pr\u00f3ximas s\u00e3o a BR-452 em Tupaciguara e 153 em Centralina e Arapor\u00e3, sendo cortada pela rodovia estadual MG 223. Al\u00e9m disso, o munic\u00edpio possui importante atividade econ\u00f4mica relacionada \u00e0 agropecu\u00e1ria e produ\u00e7\u00e3o sucroalcooleira, al\u00e9m do turismo ecol\u00f3gico potencializado pelos belos lagos, rios e cachoeiras da regi\u00e3o.<\/p>\n<p><strong>Estrutura<\/strong><\/p>\n<p>O Posto Avan\u00e7ado de Bombeiros de Tupaciguara estar\u00e1 subordinado diretamente a 2\u00aaCia do 5\u00ba Batalh\u00e3o de Bombeiros Militar (5\u00ba BBM), sediada em Araguari, e contar\u00e1 com efetivo de 18 bombeiros militares e tr\u00eas viaturas, al\u00e9m de materiais e equipamentos operacionais para os mais diversos atendimentos de ocorr\u00eancias t\u00edpicas de bombeiro.<\/p>\n<p><strong>Expans\u00e3o do atendimento<\/strong><\/p>\n<p>Pautado pelo Plano de Comando, o CBMMG segue determinado em cumprir as metas do eixo principal de expandir o atendimento no territ\u00f3rio mineiro, seguindo tamb\u00e9m as diretrizes do Plano Mineiro de Desenvolvimento Integrado (PMDI). A instala\u00e7\u00e3o de novas fra\u00e7\u00f5es conta tamb\u00e9m com o apoio irrestrito das prefeituras e a articula\u00e7\u00e3o dos gestores municipais que s\u00e3o fundamentais na execu\u00e7\u00e3o e implementa\u00e7\u00e3o dos projetos.<\/p>\n<p>A instala\u00e7\u00e3o deste Posto Avan\u00e7ado integra a cont\u00ednua busca por promover a melhoria das atividades de bombeiros, o objetivo de reduzir o tempo resposta com o prop\u00f3sito de salvar e valorizar vidas, de modo a inspirar pessoas e levar esperan\u00e7a.<\/p>\n<p>A atividade de Prote\u00e7\u00e3o e Defesa Civil, por meio da Gest\u00e3o do Risco de Desastres nas a\u00e7\u00f5es de preven\u00e7\u00e3o, mitiga\u00e7\u00e3o e prepara\u00e7\u00e3o contra sinistros, tamb\u00e9m ser\u00e1 prioridade da corpora\u00e7\u00e3o e vai aprimorar a resili\u00eancia no munic\u00edpio.<\/p>\n<p>A cerim\u00f4nia de inaugura\u00e7\u00e3o foi presidida pelo comandante-geral do CBMMG, coronel Edgard Estevo da Silva e contou com a presen\u00e7a do secret\u00e1rio de Estado de Governo, Igor Eto; do prefeito da cidade, Francisco Louren\u00e7o Borges Neto; do deputado federal Jos\u00e9 V\u00edtor, dos deputados estaduais Arnaldo Silva J\u00fanior, Leon\u00eddio Henrique Correa Bou\u00e7as e Raul Bel\u00e9m; do comandante do 2\u00ba COB, coronel Andr\u00e9 H\u00famia Casarim, al\u00e9m de autoridades militares e civis da regi\u00e3o.<\/p>\n<p><span style=\"font-weight: 400;\">Fonte: Ag\u00eancia Minas <\/span><\/p>\n","protected":false},"excerpt":{"rendered":"<p>O\u00a0Corpo de Bombeiros Militar de Minas Gerais\u00a0inaugurou Posto Avan\u00e7ado (PA) na cidade de Tupaciguara, no Tri\u00e2ngulo Mineiro, em 17\/12. Comandante-geral do CBMMG, o coronel Edgard Estevo da Silva \u00a0destacou que a sinergia de esfor\u00e7os entre o Corpo de Bombeiros e a\u00e7\u00f5es planejadas estrategicamente com o\u00a0Governo de Minas\u00a0tem possibilitado, dentro do plano de comando, que a [&hellip;]<\/p>\n","protected":false},"author":246,"featured_media":192568,"comment_status":"closed","ping_status":"closed","sticky":false,"template":"","format":"standard","meta":{"footnotes":""},"categories":[436,254,439],"tags":[],"class_list":["post-192567","post","type-post","status-publish","format-standard","has-post-thumbnail","hentry","category-destaque-da-semana","category-politica","category-ultima-hora"],"_links":{"self":[{"href":"https:\/\/diarioregionaldigital.com.br\/index.php?rest_route=\/wp\/v2\/posts\/192567","targetHints":{"allow":["GET"]}}],"collection":[{"href":"https:\/\/diarioregionaldigital.com.br\/index.php?rest_route=\/wp\/v2\/posts"}],"about":[{"href":"https:\/\/diarioregionaldigital.com.br\/index.php?rest_route=\/wp\/v2\/types\/post"}],"author":[{"embeddable":true,"href":"https:\/\/diarioregionaldigital.com.br\/index.php?rest_route=\/wp\/v2\/users\/246"}],"replies":[{"embeddable":true,"href":"https:\/\/diarioregionaldigital.com.br\/index.php?rest_route=%2Fwp%2Fv2%2Fcomments&post=192567"}],"version-history":[{"count":1,"href":"https:\/\/diarioregionaldigital.com.br\/index.php?rest_route=\/wp\/v2\/posts\/192567\/revisions"}],"predecessor-version":[{"id":192569,"href":"https:\/\/diarioregionaldigital.com.br\/index.php?rest_route=\/wp\/v2\/posts\/192567\/revisions\/192569"}],"wp:featuredmedia":[{"embeddable":true,"href":"https:\/\/diarioregionaldigital.com.br\/index.php?rest_route=\/wp\/v2\/media\/192568"}],"wp:attachment":[{"href":"https:\/\/diarioregionaldigital.com.br\/index.php?rest_route=%2Fwp%2Fv2%2Fmedia&parent=192567"}],"wp:term":[{"taxonomy":"category","embeddable":true,"href":"https:\/\/diarioregionaldigital.com.br\/index.php?rest_route=%2Fwp%2Fv2%2Fcategories&post=192567"},{"taxonomy":"post_tag","embeddable":true,"href":"https:\/\/diarioregionaldigital.com.br\/index.php?rest_route=%2Fwp%2Fv2%2Ftags&post=192567"}],"curies":[{"name":"wp","href":"https:\/\/api.w.org\/{rel}","templated":true}]}}