{"id":192564,"date":"2021-12-20T15:18:33","date_gmt":"2021-12-20T18:18:33","guid":{"rendered":"https:\/\/diarioregionaldigital.com.br\/?p=192564"},"modified":"2021-12-20T15:18:33","modified_gmt":"2021-12-20T18:18:33","slug":"governo-de-minas-reforca-a-frota-das-forcas-de-seguranca-de-cerca-de-200-municipios-mineiros","status":"publish","type":"post","link":"https:\/\/diarioregionaldigital.com.br\/?p=192564","title":{"rendered":"Governo de Minas refor\u00e7a a frota das For\u00e7as de Seguran\u00e7a de cerca de 200 munic\u00edpios mineiros"},"content":{"rendered":"<p>O governador Romeu Zema participou, nesta segunda-feira (20\/12), do evento de entrega de 333 novos ve\u00edculos para as For\u00e7as de Seguran\u00e7a de Minas Gerais. As viaturas ser\u00e3o incorporadas ao trabalho da\u00a0<a href=\"https:\/\/www.policiamilitar.mg.gov.br\/\" target=\"_blank\" rel=\"noopener noreferrer\">Pol\u00edcia Militar<\/a>, da\u00a0<a href=\"https:\/\/www.policiacivil.mg.gov.br\/\" target=\"_blank\" rel=\"noopener noreferrer\">Pol\u00edcia Civil<\/a>\u00a0e do\u00a0<a href=\"https:\/\/www.bombeiros.mg.gov.br\/\" target=\"_blank\" rel=\"noopener noreferrer\">Corpo de Bombeiros<\/a>\u00a0em cerca de 200 munic\u00edpios, refor\u00e7ando a seguran\u00e7a no\u00a0estado.<\/p>\n<p>Realizada no Pr\u00e9dio Tiradentes, em Belo Horizonte, a entrega das viaturas teve a presen\u00e7a de autoridades, prefeitos, secret\u00e1rios de Estado e deputados federais e estaduais.<\/p>\n<p>Ao todo, foram destinados mais de R$ 30 milh\u00f5es para a aquisi\u00e7\u00e3o dos ve\u00edculos, vindos, principalmente, de emendas parlamentares. O governador destacou o investimento e ressaltou a import\u00e2ncia do trabalho em conjunto para refor\u00e7ar a seguran\u00e7a de Minas.<\/p>\n<p>\u201cHoje \u00e9 um momento de gratid\u00e3o. Agrade\u00e7o aos deputados federais e estaduais que proporcionaram essa entrega e que j\u00e1 proporcionaram outras no passado. Tenho certeza de que esses parlamentares v\u00e3o continuar fortalecendo as For\u00e7as de Seguran\u00e7a de Minas. Foi dessa forma que conseguimos avan\u00e7ar e nos tornar o\u00a0estado mais seguro do Brasil. \u00c9 um trabalho em conjunto. Juntos n\u00f3s podemos muito e estamos neste caminho\u201d, disse o governador.<\/p>\n<p><strong>Parceria<\/strong><\/p>\n<p>O secret\u00e1rio de Estado de\u00a0<a href=\"https:\/\/www.governo.mg.gov.br\/\" target=\"_blank\" rel=\"noopener noreferrer\">Governo<\/a>, Igor Eto, que participou das entregas, tamb\u00e9m agradeceu o apoio dos deputados federais e estaduais que indicaram as emendas para o fortalecimento da seguran\u00e7a p\u00fablica em Minas Gerais.<\/p>\n<p>\u201cA seguran\u00e7a p\u00fablica \u00e9 feita nos munic\u00edpios. Poder levar mais seguran\u00e7a para cada um dos nossos 853 munic\u00edpios em apoio aos nossos prefeitos \u00e9 motivo de muito orgulho para n\u00f3s. Minas Gerais foi eleito como o\u00a0estado mais seguro do pa\u00eds. Isso \u00e9 fruto de muito trabalho integrado do Executivo, com os comandos das For\u00e7as de Seguran\u00e7a, com nossos parlamentares e prefeitos\u201d, afirmou.<\/p>\n<p>O deputado federal Z\u00e9 Vitor, que falou em nome dos demais parlamentares federais mineiros, ressaltou a parceria da bancada mineira em Bras\u00edlia para avan\u00e7ar nas pol\u00edticas p\u00fablicas no\u00a0estado.<\/p>\n<p>\u201cFica aqui o nosso reconhecimento e o compromisso de todos n\u00f3s de estarmos em Bras\u00edlia garantindo o aprimoramento da legisla\u00e7\u00e3o, garantindo o debate e que n\u00e3o nos falte empenho para que hajam recursos dispon\u00edveis para garantir bons equipamentos e a m\u00ednima estrutura necess\u00e1ria para que voc\u00eas possam executar um grande trabalho. Ganha cada servidor, mas, acima de tudo, ganha Minas Gerais e os mineiros\u201d, disse.<\/p>\n<p>J\u00e1 Betinho Pinto Coelho, que discursou em nome dos demais deputados estaduais, disse que a entrega vai garantir ainda mais seguran\u00e7a aos mineiros. \u201cHoje, aqui, estamos dando uma resposta para todos os mineiros com esta entrega de viaturas da Pol\u00edcia Militar, da Pol\u00edcia Civil e do Corpo de Bombeiros. Queremos mostrar que cada vez mais Minas Gerais \u00e9 um lugar seguro para se viver\u201d.<\/p>\n<p><strong>Refor\u00e7o na seguran\u00e7a<\/strong><\/p>\n<p>Ao todo, a Pol\u00edcia Militar receber\u00e1 236 viaturas para beneficiar 159 munic\u00edpios. A maior parte ser\u00e1 destinada ao interior de Minas. O investimento foi de R$ 19,8 milh\u00f5es. J\u00e1 para refor\u00e7ar a frota da Pol\u00edcia Civil, o Governo investiu R$ 6,3 milh\u00f5es. Foram adquiridos 66 ve\u00edculos da marca Renault, modelo Logan. No total a medida contempla 17 Departamentos de Pol\u00edcia Civil, incluindo a regi\u00e3o metropolitana da capital e o interior,\u00a0que\u00a0receber\u00e3o novas viaturas.<\/p>\n<p>O Corpo de Bombeiros Militar de Minas Gerais (CBMMG) receber\u00e1 31 ve\u00edculos, incluindo 25 Unidades de Resgate e seis de auto salvamento leve, somando R$ 6,1 milh\u00f5es. Belo Horizonte, Vespasiano, Sete Lagoas, Uberaba, S\u00e3o Jo\u00e3o\u00a0del-Rei, Governador Valadares e Po\u00e7os de Caldas est\u00e3o entre as cidades contempladas. Neste ano o CBMMG j\u00e1 tinha recebido outras 23 viaturas, com recursos provenientes de emenda parlamentar, conv\u00eanio federal ou tamb\u00e9m do acordo com a Vale.<\/p>\n<p>A prefeita de Vespasiano e presidente da Associa\u00e7\u00e3o dos Munic\u00edpios da Regi\u00e3o Metropolitana de Belo Horizonte (Granbel), Ilce Alves Rocha Perdig\u00e3o, destacou a mudan\u00e7a de postura do governo e a gest\u00e3o realizada em prol dos munic\u00edpios.<\/p>\n<p>\u201cO governo Romeu Zema est\u00e1 fazendo a diferen\u00e7a para todas as cidades. \u00c9 uma administra\u00e7\u00e3o que tem como diferencial ouvir os prefeitos, as autoridades, dialogar, e colocar Minas no rumo certo no momento que a gente tanto precisava. Vivemos situa\u00e7\u00f5es muito dif\u00edceis de governos que n\u00e3o colocaram os recursos nos seus devidos lugares. Os prefeitos sofriam muito e passavam por extrema dificuldade. E, hoje, a gente tem a felicidade de dizer que o governo conseguiu recuperar aquilo que os munic\u00edpios perderam ao longo do tempo, pagando as d\u00edvidas, acertando as quest\u00f5es da educa\u00e7\u00e3o e da sa\u00fade\u201d, pontuou.<\/p>\n<p><strong>Balan\u00e7o de seguran\u00e7a<\/strong><\/p>\n<p>Mais cedo, tamb\u00e9m no Pr\u00e9dio Tiradentes, em Belo Horizonte, o governador participou da apresenta\u00e7\u00e3o dos dados da seguran\u00e7a p\u00fablica em Minas Gerais, apresentado pela\u00a0<a href=\"http:\/\/www.seguranca.mg.gov.br\/\" target=\"_blank\" rel=\"noopener noreferrer\">Secretaria de Estado de Justi\u00e7a e Seguran\u00e7a P\u00fablica (Sejusp)<\/a>. Minas Gerais encerrar\u00e1 o ano de 2021 com redu\u00e7\u00e3o nos principais indicadores de criminalidade.<\/p>\n<p>Os \u00edndices analisados pelo Observat\u00f3rio de Seguran\u00e7a P\u00fablica da Sejusp mostram queda de 20,6% na taxa de crimes violentos em rela\u00e7\u00e3o ao mesmo per\u00edodo do ano anterior. Isso representa 8 mil crimes a menos cometidos no estado este ano.<\/p>\n<p>Os dados de criminalidade violenta, dispon\u00edveis para consulta no\u00a0<a href=\"http:\/\/seguranca.mg.gov.br\/\" target=\"_blank\" rel=\"noopener\">site da Sejusp<\/a>, mostram tamb\u00e9m que o estado tem os menores n\u00fameros de criminalidade violenta da \u00faltima d\u00e9cada: em 2012 (janeiro a novembro) foram registrados 74.788 crimes violentos; no mesmo per\u00edodo deste ano, foram 33.802 registros. Em dez anos, a criminalidade violenta em Minas Gerais sofreu redu\u00e7\u00e3o de 54%.<\/p>\n<p>Para o governador, os avan\u00e7os expressivos mostram o comprometimento dos profissionais que est\u00e3o \u00e0 frente da seguran\u00e7a no\u00a0estado. \u201cN\u00f3s conseguimos avan\u00e7os expressivos nesses tr\u00eas anos de governo e todas as estat\u00edsticas comprovam como n\u00f3s melhoramos. E o fundamento dessas melhorias s\u00e3o, claro, a composi\u00e7\u00e3o de pessoas competentes. Estou cercado pelas melhores pessoas que temos para estar \u00e0 frente da Seguran\u00e7a P\u00fablica. S\u00e3o profissionais selecionados e que, desde o primeiro dia, foram orientados a fazer o que \u00e9 melhor para a popula\u00e7\u00e3o\u201d, disse.<\/p>\n<p>Zema destacou, ainda, que a seguran\u00e7a \u00e9 um dos pilares para o desenvolvimento de um\u00a0estado. \u201cO desenvolvimento n\u00e3o \u00e9 uma bala de prata que s\u00f3 ocorre com uma a\u00e7\u00e3o. \u00c9 preciso de infraestrutura adequada, de pessoas qualificadas, de um sistema de sa\u00fade que funcione adequadamente para que as pessoas tenham condi\u00e7\u00e3o de trabalhar em paz e tranquilidade e, tamb\u00e9m, seguran\u00e7a. Nenhuma empresa que\u00a0vai\u00a0investir quer ir para onde a criminalidade predomina\u201d, finalizou o chefe do Executivo.<\/p>\n<p><span style=\"font-weight: 400;\">Fonte: Ag\u00eancia Minas <\/span><\/p>\n","protected":false},"excerpt":{"rendered":"<p>O governador Romeu Zema participou, nesta segunda-feira (20\/12), do evento de entrega de 333 novos ve\u00edculos para as For\u00e7as de Seguran\u00e7a de Minas Gerais. As viaturas ser\u00e3o incorporadas ao trabalho da\u00a0Pol\u00edcia Militar, da\u00a0Pol\u00edcia Civil\u00a0e do\u00a0Corpo de Bombeiros\u00a0em cerca de 200 munic\u00edpios, refor\u00e7ando a seguran\u00e7a no\u00a0estado. Realizada no Pr\u00e9dio Tiradentes, em Belo Horizonte, a entrega das [&hellip;]<\/p>\n","protected":false},"author":246,"featured_media":192565,"comment_status":"closed","ping_status":"closed","sticky":false,"template":"","format":"standard","meta":{"footnotes":""},"categories":[436,440,254,439],"tags":[],"class_list":["post-192564","post","type-post","status-publish","format-standard","has-post-thumbnail","hentry","category-destaque-da-semana","category-destaques-do-dia","category-politica","category-ultima-hora"],"_links":{"self":[{"href":"https:\/\/diarioregionaldigital.com.br\/index.php?rest_route=\/wp\/v2\/posts\/192564","targetHints":{"allow":["GET"]}}],"collection":[{"href":"https:\/\/diarioregionaldigital.com.br\/index.php?rest_route=\/wp\/v2\/posts"}],"about":[{"href":"https:\/\/diarioregionaldigital.com.br\/index.php?rest_route=\/wp\/v2\/types\/post"}],"author":[{"embeddable":true,"href":"https:\/\/diarioregionaldigital.com.br\/index.php?rest_route=\/wp\/v2\/users\/246"}],"replies":[{"embeddable":true,"href":"https:\/\/diarioregionaldigital.com.br\/index.php?rest_route=%2Fwp%2Fv2%2Fcomments&post=192564"}],"version-history":[{"count":1,"href":"https:\/\/diarioregionaldigital.com.br\/index.php?rest_route=\/wp\/v2\/posts\/192564\/revisions"}],"predecessor-version":[{"id":192566,"href":"https:\/\/diarioregionaldigital.com.br\/index.php?rest_route=\/wp\/v2\/posts\/192564\/revisions\/192566"}],"wp:featuredmedia":[{"embeddable":true,"href":"https:\/\/diarioregionaldigital.com.br\/index.php?rest_route=\/wp\/v2\/media\/192565"}],"wp:attachment":[{"href":"https:\/\/diarioregionaldigital.com.br\/index.php?rest_route=%2Fwp%2Fv2%2Fmedia&parent=192564"}],"wp:term":[{"taxonomy":"category","embeddable":true,"href":"https:\/\/diarioregionaldigital.com.br\/index.php?rest_route=%2Fwp%2Fv2%2Fcategories&post=192564"},{"taxonomy":"post_tag","embeddable":true,"href":"https:\/\/diarioregionaldigital.com.br\/index.php?rest_route=%2Fwp%2Fv2%2Ftags&post=192564"}],"curies":[{"name":"wp","href":"https:\/\/api.w.org\/{rel}","templated":true}]}}