{"id":192558,"date":"2021-12-20T15:05:20","date_gmt":"2021-12-20T18:05:20","guid":{"rendered":"https:\/\/diarioregionaldigital.com.br\/?p=192558"},"modified":"2021-12-20T15:05:20","modified_gmt":"2021-12-20T18:05:20","slug":"caixa-paga-auxilio-brasil-a-beneficiarios-com-nis-final-7","status":"publish","type":"post","link":"https:\/\/diarioregionaldigital.com.br\/?p=192558","title":{"rendered":"Caixa paga Aux\u00edlio Brasil a benefici\u00e1rios com NIS final 7"},"content":{"rendered":"<p>A Caixa Econ\u00f4mica Federal paga\u00a0hoje\u00a0(20) o Aux\u00edlio Brasil para benefici\u00e1rios com N\u00famero de Inscri\u00e7\u00e3o Social (NIS) com final 7. O benef\u00edcio \u00e9 de, no m\u00ednimo, R$ 400 por fam\u00edlia.<img decoding=\"async\" src=\"https:\/\/agenciabrasil.ebc.com.br\/ebc.png?id=1432974&amp;o=node\" \/><img decoding=\"async\" src=\"https:\/\/agenciabrasil.ebc.com.br\/ebc.gif?id=1432974&amp;o=node\" \/><\/p>\n<p>As datas de pagamento seguem o modelo do antigo Bolsa Fam\u00edlia, que pagava os benefici\u00e1rios nos dez \u00faltimos dias \u00fateis do m\u00eas. Em dezembro, em fun\u00e7\u00e3o do feriado de\u00a0Natal, os pagamentos v\u00e3o at\u00e9 23, com a antecipa\u00e7\u00e3o em uma semana em rela\u00e7\u00e3o ao calend\u00e1rio regular.<\/p>\n<p><strong>Veja a tabela<\/strong><\/p>\n<p>NIS final 1\u00a0\u00a0\u00a0\u00a0\u00a0\u00a0\u00a0\u00a010 de dezembro<br \/>\nNIS final 2\u00a0\u00a0\u00a0\u00a0\u00a0\u00a0\u00a0\u00a013 de dezembro<br \/>\nNIS final 3\u00a0\u00a0\u00a0\u00a0\u00a0\u00a0\u00a0\u00a014 de dezembro<br \/>\nNIS final 4\u00a0\u00a0\u00a0\u00a0\u00a0\u00a0\u00a0\u00a015 de dezembro<br \/>\nNIS final 5\u00a0\u00a0\u00a0\u00a0\u00a0\u00a0\u00a0\u00a016 de dezembro<br \/>\nNIS final 6\u00a0\u00a0\u00a0\u00a0\u00a0\u00a0\u00a0\u00a017 de dezembro<br \/>\nNIS final 7\u00a0\u00a0\u00a0\u00a0\u00a0\u00a0\u00a0\u00a020 de dezembro<br \/>\nNIS final 8\u00a0\u00a0\u00a0\u00a0\u00a0\u00a0\u00a0\u00a021 de dezembro<br \/>\nNIS final 9\u00a0\u00a0\u00a0\u00a0\u00a0\u00a0\u00a0\u00a022 de dezembro<br \/>\nNIS final 0\u00a0\u00a0\u00a0\u00a0\u00a0\u00a0\u00a0\u00a023 de dezembro<\/p>\n<p>O benefici\u00e1rio pode consultar informa\u00e7\u00f5es sobre as datas de pagamento, o valor do benef\u00edcio e a composi\u00e7\u00e3o das parcelas em dois aplicativos: Aux\u00edlio Brasil, desenvolvido para o programa social, e o aplicativo Caixa Tem, usado para acompanhar as contas poupan\u00e7a digitais do banco.<\/p>\n<p>Podem receber o Aux\u00edlio Brasil as fam\u00edlias com renda\u00a0<em>per capita<\/em>\u00a0de at\u00e9 R$ 100, consideradas em situa\u00e7\u00e3o de extrema pobreza, e aquelas com renda\u00a0<em>per capita\u00a0<\/em>de at\u00e9 R$ 200<em>,\u00a0<\/em>consideradas em condi\u00e7\u00e3o de pobreza<em>.<\/em><\/p>\n<p>A\u00a0<strong>Ag\u00eancia Brasil<\/strong>\u00a0elaborou um\u00a0<a href=\"https:\/\/agenciabrasil.ebc.com.br\/economia\/noticia\/2021-11\/agencia-brasil-explica-como-vai-funcionar-o-auxilio-brasil\" target=\"_blank\" rel=\"noopener\">guia de perguntas e respostas<\/a>\u00a0sobre o Aux\u00edlio Brasil. Entre as d\u00favidas que o benefici\u00e1rio pode tirar est\u00e3o os crit\u00e9rios para integrar o programa social, os nove tipos diferentes de benef\u00edcios e o que aconteceu com o Bolsa Fam\u00edlia e o aux\u00edlio emergencial, que vigoraram at\u00e9 outubro.<\/p>\n<p><span style=\"font-weight: 400;\">Fonte: Ag\u00eancia Brasil <\/span><\/p>\n","protected":false},"excerpt":{"rendered":"<p>A Caixa Econ\u00f4mica Federal paga\u00a0hoje\u00a0(20) o Aux\u00edlio Brasil para benefici\u00e1rios com N\u00famero de Inscri\u00e7\u00e3o Social (NIS) com final 7. O benef\u00edcio \u00e9 de, no m\u00ednimo, R$ 400 por fam\u00edlia. As datas de pagamento seguem o modelo do antigo Bolsa Fam\u00edlia, que pagava os benefici\u00e1rios nos dez \u00faltimos dias \u00fateis do m\u00eas. Em dezembro, em fun\u00e7\u00e3o [&hellip;]<\/p>\n","protected":false},"author":246,"featured_media":192559,"comment_status":"closed","ping_status":"closed","sticky":false,"template":"","format":"standard","meta":{"footnotes":""},"categories":[436,261,439],"tags":[],"class_list":["post-192558","post","type-post","status-publish","format-standard","has-post-thumbnail","hentry","category-destaque-da-semana","category-economia","category-ultima-hora"],"_links":{"self":[{"href":"https:\/\/diarioregionaldigital.com.br\/index.php?rest_route=\/wp\/v2\/posts\/192558","targetHints":{"allow":["GET"]}}],"collection":[{"href":"https:\/\/diarioregionaldigital.com.br\/index.php?rest_route=\/wp\/v2\/posts"}],"about":[{"href":"https:\/\/diarioregionaldigital.com.br\/index.php?rest_route=\/wp\/v2\/types\/post"}],"author":[{"embeddable":true,"href":"https:\/\/diarioregionaldigital.com.br\/index.php?rest_route=\/wp\/v2\/users\/246"}],"replies":[{"embeddable":true,"href":"https:\/\/diarioregionaldigital.com.br\/index.php?rest_route=%2Fwp%2Fv2%2Fcomments&post=192558"}],"version-history":[{"count":1,"href":"https:\/\/diarioregionaldigital.com.br\/index.php?rest_route=\/wp\/v2\/posts\/192558\/revisions"}],"predecessor-version":[{"id":192560,"href":"https:\/\/diarioregionaldigital.com.br\/index.php?rest_route=\/wp\/v2\/posts\/192558\/revisions\/192560"}],"wp:featuredmedia":[{"embeddable":true,"href":"https:\/\/diarioregionaldigital.com.br\/index.php?rest_route=\/wp\/v2\/media\/192559"}],"wp:attachment":[{"href":"https:\/\/diarioregionaldigital.com.br\/index.php?rest_route=%2Fwp%2Fv2%2Fmedia&parent=192558"}],"wp:term":[{"taxonomy":"category","embeddable":true,"href":"https:\/\/diarioregionaldigital.com.br\/index.php?rest_route=%2Fwp%2Fv2%2Fcategories&post=192558"},{"taxonomy":"post_tag","embeddable":true,"href":"https:\/\/diarioregionaldigital.com.br\/index.php?rest_route=%2Fwp%2Fv2%2Ftags&post=192558"}],"curies":[{"name":"wp","href":"https:\/\/api.w.org\/{rel}","templated":true}]}}