{"id":192555,"date":"2021-12-20T14:51:56","date_gmt":"2021-12-20T17:51:56","guid":{"rendered":"https:\/\/diarioregionaldigital.com.br\/?p=192555"},"modified":"2021-12-20T14:51:56","modified_gmt":"2021-12-20T17:51:56","slug":"aumento-da-pobreza-e-problema-global-diz-ministro-paulo-guedes","status":"publish","type":"post","link":"https:\/\/diarioregionaldigital.com.br\/?p=192555","title":{"rendered":"Aumento da pobreza \u00e9 problema global, diz ministro Paulo Guedes"},"content":{"rendered":"<p>O aumento da pobreza decorre de uma crise econ\u00f4mica global provocada pela pandemia de covid-19, disse hoje (17) o ministro da Economia, Paulo Guedes. Em apresenta\u00e7\u00e3o de balan\u00e7o de fim de ano da pasta, ele disse que o Brasil fez o dever de casa e que as medidas de apoio \u00e0 economia tomadas em 2020 foram sentidas em 2021.<img decoding=\"async\" src=\"https:\/\/agenciabrasil.ebc.com.br\/ebc.png?id=1432830&amp;o=node\" \/><img decoding=\"async\" src=\"https:\/\/agenciabrasil.ebc.com.br\/ebc.gif?id=1432830&amp;o=node\" \/><\/p>\n<p>Segundo o ministro, outros pa\u00edses, inclusive economias avan\u00e7adas, experimentaram aumento da pobreza e da infla\u00e7\u00e3o neste ano. Ele comparou os efeitos econ\u00f4micos da pandemia ao impacto de uma guerra.<\/p>\n<p>\u201cAlguns v\u00e3o dizer que o Brasil est\u00e1 mais pobre. Sim, guerras empobrecem. O mundo todo ficou mais pobre. Infla\u00e7\u00e3o tamb\u00e9m est\u00e1 alta na Alemanha, Estados Unidos e China. \u00c9 culpa do governo Bolsonaro? Falam que governo A ou B perderam menos empregos, mas algum outro governo enfrentou a covid? Ent\u00e3o n\u00e3o podemos comparar\u201d, declarou o ministro.<\/p>\n<p>O ministro criticou previs\u00f5es do fim do ano passado de que a economia brasileira cresceria 3,5% neste ano, dizendo que o pa\u00eds chega ao fim de 2021 com expectativa de crescimento em torno de 5%. Para Guedes, a recupera\u00e7\u00e3o econ\u00f4mica em rela\u00e7\u00e3o \u00e0 fase mais aguda da pandemia acabou e deveu-se, em grande parte, \u00e0s medidas de sustenta\u00e7\u00e3o do emprego e da renda tomadas no ano passado.<\/p>\n<p>\u201cIsso tudo deu frutos neste ano, quando a economia se reergueu. A s\u00edntese de 2021 \u00e9 que as previs\u00f5es de que o Brasil iria dar errado falharam, a economia realmente voltou em &#8216;V&#8217; e cresceu 5% neste ano\u201d, reiterou Guedes. O ministro n\u00e3o comentou a\u00a0<a href=\"https:\/\/agenciabrasil.ebc.com.br\/economia\/noticia\/2021-12\/economia-brasileira-cai-01-no-terceiro-trimestre-deste-ano\" target=\"_blank\" rel=\"noopener\">queda de 0,1%<\/a>\u00a0do Produto Interno Bruto (PIB, soma dos bens e dos servi\u00e7os produzidos) no terceiro trimestre, o que configura recess\u00e3o t\u00e9cnica.<\/p>\n<p><strong>Infla\u00e7\u00e3o<\/strong><\/p>\n<p>Para o ministro, a infla\u00e7\u00e3o, atualmente superior a 10% no acumulado de 12 meses, \u00e9 um fen\u00f4meno tempor\u00e1rio, decorrente da pandemia. Ele disse que as maiores press\u00f5es em rela\u00e7\u00e3o aos pre\u00e7os v\u00eam de problemas de oferta, como a escassez global de algumas mat\u00e9rias-primas e a interrup\u00e7\u00e3o de fluxos comerciais e de cadeias produtivas.<\/p>\n<p>\u201cTeve infla\u00e7\u00e3o no mundo inteiro. Em todo o mundo, sal\u00e1rios, aposentadorias e alugu\u00e9is perderam poder de compra e os governos mantiveram programas sociais. Mas as cadeias produtivas se desarticularam, e esse choque de oferta adverso tirou renda, emprego e trouxe infla\u00e7\u00e3o no mundo inteiro. Se \u00e9 verdade que a infla\u00e7\u00e3o subiu, a culpa \u00e9 nossa ou da covid?\u201d, comentou.<\/p>\n<p><strong>Contas p\u00fablicas<\/strong><\/p>\n<p>Na avalia\u00e7\u00e3o de Guedes, a prova de que o governo brasileiro est\u00e1 fazendo o dever de casa pode ser expressa pela redu\u00e7\u00e3o do d\u00e9ficit prim\u00e1rio, resultado negativo nas contas do governo sem os juros da d\u00edvida p\u00fablica. Para o ministro, nenhum pa\u00eds conseguiu fazer um ajuste fiscal t\u00e3o expressivo como o Brasil, mesmo num cen\u00e1rio de pandemia.<\/p>\n<p>\u201c\u00c9 verdade que n\u00f3s nos endividamos um pouco mais, mas os estados e munic\u00edpios melhoraram seus resultados. Onze estados que estavam no vermelho voltaram para o azul. N\u00e3o deixamos os governos regionais entrarem em colapso por falta de recursos\u201d, declarou. Guedes acrescentou que os gastos federais retornaram a 19,5% do PIB em 2021, semelhante ao n\u00edvel registrado em 2019, ap\u00f3s terem subido para 26% do PIB em 2020, por causa da pandemia.<\/p>\n<p>No fim de novembro, a equipe econ\u00f4mica melhorou as proje\u00e7\u00f5es do d\u00e9ficit prim\u00e1rio de 2021 para R$ 95,8 bilh\u00f5es (cerca de 1,1% do PIB). Para 2022, o projeto do Or\u00e7amento Geral da Uni\u00e3o originalmente previa d\u00e9ficit de 0,5% do PIB, mas a decis\u00e3o do governo de aumentar gastos para bancar o Aux\u00edlio Brasil de R$ 400 elevar\u00e1 o d\u00e9ficit para 1,4% do PIB no pr\u00f3ximo ano.<\/p>\n<p><strong>Privatiza\u00e7\u00f5es<\/strong><\/p>\n<p>No balan\u00e7o de fim de ano da pasta, Guedes criticou o que chamou de atraso nas privatiza\u00e7\u00f5es dos Correios e da Eletrobras. Para ele, outros Poderes est\u00e3o impondo obst\u00e1culos \u00e0 venda das empresas.<\/p>\n<p>\u201c\u00c9 inadmiss\u00edvel que n\u00e3o se consiga vender. Se n\u00e3o fica parecendo que \u00e9 opera\u00e7\u00e3o tartaruga, para descumprir a vontade popular. O presidente se comprometeu com um programa de privatiza\u00e7\u00e3o. Na hora que vai privatizar, outros Poderes impedem a privatiza\u00e7\u00e3o? Isso cria precedente desagrad\u00e1vel\u201d, reclamou.<\/p>\n<p><span style=\"font-weight: 400;\">Fonte: Ag\u00eancia Brasil <\/span><\/p>\n","protected":false},"excerpt":{"rendered":"<p>O aumento da pobreza decorre de uma crise econ\u00f4mica global provocada pela pandemia de covid-19, disse hoje (17) o ministro da Economia, Paulo Guedes. Em apresenta\u00e7\u00e3o de balan\u00e7o de fim de ano da pasta, ele disse que o Brasil fez o dever de casa e que as medidas de apoio \u00e0 economia tomadas em 2020 [&hellip;]<\/p>\n","protected":false},"author":246,"featured_media":192556,"comment_status":"closed","ping_status":"closed","sticky":false,"template":"","format":"standard","meta":{"footnotes":""},"categories":[436,261,439],"tags":[],"class_list":["post-192555","post","type-post","status-publish","format-standard","has-post-thumbnail","hentry","category-destaque-da-semana","category-economia","category-ultima-hora"],"_links":{"self":[{"href":"https:\/\/diarioregionaldigital.com.br\/index.php?rest_route=\/wp\/v2\/posts\/192555","targetHints":{"allow":["GET"]}}],"collection":[{"href":"https:\/\/diarioregionaldigital.com.br\/index.php?rest_route=\/wp\/v2\/posts"}],"about":[{"href":"https:\/\/diarioregionaldigital.com.br\/index.php?rest_route=\/wp\/v2\/types\/post"}],"author":[{"embeddable":true,"href":"https:\/\/diarioregionaldigital.com.br\/index.php?rest_route=\/wp\/v2\/users\/246"}],"replies":[{"embeddable":true,"href":"https:\/\/diarioregionaldigital.com.br\/index.php?rest_route=%2Fwp%2Fv2%2Fcomments&post=192555"}],"version-history":[{"count":1,"href":"https:\/\/diarioregionaldigital.com.br\/index.php?rest_route=\/wp\/v2\/posts\/192555\/revisions"}],"predecessor-version":[{"id":192557,"href":"https:\/\/diarioregionaldigital.com.br\/index.php?rest_route=\/wp\/v2\/posts\/192555\/revisions\/192557"}],"wp:featuredmedia":[{"embeddable":true,"href":"https:\/\/diarioregionaldigital.com.br\/index.php?rest_route=\/wp\/v2\/media\/192556"}],"wp:attachment":[{"href":"https:\/\/diarioregionaldigital.com.br\/index.php?rest_route=%2Fwp%2Fv2%2Fmedia&parent=192555"}],"wp:term":[{"taxonomy":"category","embeddable":true,"href":"https:\/\/diarioregionaldigital.com.br\/index.php?rest_route=%2Fwp%2Fv2%2Fcategories&post=192555"},{"taxonomy":"post_tag","embeddable":true,"href":"https:\/\/diarioregionaldigital.com.br\/index.php?rest_route=%2Fwp%2Fv2%2Ftags&post=192555"}],"curies":[{"name":"wp","href":"https:\/\/api.w.org\/{rel}","templated":true}]}}