{"id":192549,"date":"2021-12-20T13:27:47","date_gmt":"2021-12-20T16:27:47","guid":{"rendered":"https:\/\/diarioregionaldigital.com.br\/?p=192549"},"modified":"2021-12-20T13:27:47","modified_gmt":"2021-12-20T16:27:47","slug":"policia-militar-registra-acidente-com-vitima-fatal-no-bairro-sao-mateus","status":"publish","type":"post","link":"https:\/\/diarioregionaldigital.com.br\/?p=192549","title":{"rendered":"Pol\u00edcia Militar registra acidente com v\u00edtima fatal no bairro S\u00e3o Mateus"},"content":{"rendered":"<p>Na data de 19dez21 por volta das 18h05min a Pol\u00edcia Militar compareceu na Avenida Presidente Itamar Franco no bairro S\u00e3o Mateus para registro de um acidente com v\u00edtima fatal. As v\u00edtimas foram de imediato atendidas pelo SAMU. Segundo relatos, a motocicleta Yamaha YBR 125 Factor Preta estava sendo conduzida por um homem de 26 anos e na garupa, estava uma mulher de 24 anos, em dado momento o condutor perdeu o controle direcional do ve\u00edculo que chocou-se contra o canteiro central e posteriormente contra uma \u00e1rvore. A passageira foi lan\u00e7ada em dire\u00e7\u00e3o a pista de rolamento. O condutor do ve\u00edculo n\u00e3o resistiu aos ferimentos, vindo a \u00f3bito. A mulher foi levada ao Hospital UNIMED Juiz de Fora, onde permaneceu internada para cirurgia. A per\u00edcia compareceu no local e realizou os trabalhos de praxe.<\/p>\n","protected":false},"excerpt":{"rendered":"<p>Na data de 19dez21 por volta das 18h05min a Pol\u00edcia Militar compareceu na Avenida Presidente Itamar Franco no bairro S\u00e3o Mateus para registro de um acidente com v\u00edtima fatal. As v\u00edtimas foram de imediato atendidas pelo SAMU. Segundo relatos, a motocicleta Yamaha YBR 125 Factor Preta estava sendo conduzida por um homem de 26 anos [&hellip;]<\/p>\n","protected":false},"author":246,"featured_media":192550,"comment_status":"closed","ping_status":"closed","sticky":false,"template":"","format":"standard","meta":{"footnotes":""},"categories":[301],"tags":[],"class_list":["post-192549","post","type-post","status-publish","format-standard","has-post-thumbnail","hentry","category-artigos-policiais"],"_links":{"self":[{"href":"https:\/\/diarioregionaldigital.com.br\/index.php?rest_route=\/wp\/v2\/posts\/192549","targetHints":{"allow":["GET"]}}],"collection":[{"href":"https:\/\/diarioregionaldigital.com.br\/index.php?rest_route=\/wp\/v2\/posts"}],"about":[{"href":"https:\/\/diarioregionaldigital.com.br\/index.php?rest_route=\/wp\/v2\/types\/post"}],"author":[{"embeddable":true,"href":"https:\/\/diarioregionaldigital.com.br\/index.php?rest_route=\/wp\/v2\/users\/246"}],"replies":[{"embeddable":true,"href":"https:\/\/diarioregionaldigital.com.br\/index.php?rest_route=%2Fwp%2Fv2%2Fcomments&post=192549"}],"version-history":[{"count":1,"href":"https:\/\/diarioregionaldigital.com.br\/index.php?rest_route=\/wp\/v2\/posts\/192549\/revisions"}],"predecessor-version":[{"id":192551,"href":"https:\/\/diarioregionaldigital.com.br\/index.php?rest_route=\/wp\/v2\/posts\/192549\/revisions\/192551"}],"wp:featuredmedia":[{"embeddable":true,"href":"https:\/\/diarioregionaldigital.com.br\/index.php?rest_route=\/wp\/v2\/media\/192550"}],"wp:attachment":[{"href":"https:\/\/diarioregionaldigital.com.br\/index.php?rest_route=%2Fwp%2Fv2%2Fmedia&parent=192549"}],"wp:term":[{"taxonomy":"category","embeddable":true,"href":"https:\/\/diarioregionaldigital.com.br\/index.php?rest_route=%2Fwp%2Fv2%2Fcategories&post=192549"},{"taxonomy":"post_tag","embeddable":true,"href":"https:\/\/diarioregionaldigital.com.br\/index.php?rest_route=%2Fwp%2Fv2%2Ftags&post=192549"}],"curies":[{"name":"wp","href":"https:\/\/api.w.org\/{rel}","templated":true}]}}