{"id":192543,"date":"2022-01-02T06:00:06","date_gmt":"2022-01-02T09:00:06","guid":{"rendered":"https:\/\/diarioregionaldigital.com.br\/?p=192543"},"modified":"2023-04-29T01:18:53","modified_gmt":"2023-04-29T04:18:53","slug":"conversa-com-marcia-peltier-2","status":"publish","type":"post","link":"https:\/\/diarioregionaldigital.com.br\/?p=192543","title":{"rendered":"Conversa com M\u00e1rcia Peltier"},"content":{"rendered":"<p>Foi uma alegria muito grande o reencontro profissional com a jornalista M\u00e1rcia Peltier. No seu Instagram ela fez uma entrevista comigo, a que simpaticamente deu o nome de \u201cpapo imortal\u201d. Foram 50 minutos falando sobre educa\u00e7\u00e3o e cultura.<br \/>\nEram muitos assuntos, mas n\u00e3o deixei de adotar um tom cr\u00edtico, pois notoriamente estamos muito defasados quando se trata de desenvolvimento cient\u00edfico e tecnol\u00f3gico. Veja-se, por exemplo, as car\u00eancias existentes quando se trata de uso da internet. Defendi melhores sal\u00e1rios para os professores e lembrei que foi a minha primeira preocupa\u00e7\u00e3o quando exercia o cargo de secret\u00e1rio de estado de educa\u00e7\u00e3o e cultura do Rio de Janeiro (79-83). Com pleno apoio do governador Chagas Freitas consegui dar aumentos de at\u00e9 1.000% a qualidade da educa\u00e7\u00e3o deu um salto positivo.<br \/>\nM\u00e1rcia, depois, perguntou pela intrincada quest\u00e3o da educa\u00e7\u00e3o especial. Revelei ser contr\u00e1rio \u00e0 decis\u00e3o do atual MEC. Separando turmas ditas normais e outras especiais. Tudo deve ser resolvido nas mesmas classes, com o empenho redobrado dos mestres.<br \/>\nEm seguida, a minha interlocutora disse, com propriedade, que a cultura \u00e9 uma importante medida de valor, pois ela \u00e9 a nossa identidade como povo, reflete usos e costumes e levanta quest\u00f5es \u00e9ticas e morais. M\u00e1rcia queria saber como ficar\u00e1 a educa\u00e7\u00e3o p\u00f3s-pandemia. E perguntou: o ensino h\u00edbrido veio para ficar? Como combater a evas\u00e3o escolar?<br \/>\nLevantei a quest\u00e3o da educa\u00e7\u00e3o no novo normal com que deveremos nos deparar. Essa \u00e9 uma realidade do futuro, ap\u00f3s os tempos da Covid. Deveremos estar preparados para isso, especialmente os nossos dedicados professores. N\u00e3o teremos como fugir da ado\u00e7\u00e3o futura do ensino h\u00edbrido.<br \/>\nEstamos vivendo uma \u00e9poca de muitas frustra\u00e7\u00f5es na educa\u00e7\u00e3o. H\u00e1 uma assinalada evas\u00e3o e isso deve ser evitado, com a renova\u00e7\u00e3o do entusiasmo no esp\u00edrito dos nossos estudantes, especialmente os de ensino m\u00e9dio, onde se prev\u00ea uma grande renova\u00e7\u00e3o.H\u00e1 novas profiss\u00f5es sendo anunciadas e isso exige um preparo amplamente qualificado. Estaremos \u00e0 altura?<\/p>\n","protected":false},"excerpt":{"rendered":"<p>Foi uma alegria muito grande o reencontro profissional com a jornalista M\u00e1rcia Peltier. No seu Instagram ela fez uma entrevista comigo, a que simpaticamente deu o nome de \u201cpapo imortal\u201d. Foram 50 minutos falando sobre educa\u00e7\u00e3o e cultura. Eram muitos assuntos, mas n\u00e3o deixei de adotar um tom cr\u00edtico, pois notoriamente estamos muito defasados quando [&hellip;]<\/p>\n","protected":false},"author":96,"featured_media":0,"comment_status":"closed","ping_status":"closed","sticky":false,"template":"","format":"standard","meta":{"footnotes":""},"categories":[275],"tags":[],"class_list":["post-192543","post","type-post","status-publish","format-standard","hentry","category-arnaldo-niskier"],"_links":{"self":[{"href":"https:\/\/diarioregionaldigital.com.br\/index.php?rest_route=\/wp\/v2\/posts\/192543","targetHints":{"allow":["GET"]}}],"collection":[{"href":"https:\/\/diarioregionaldigital.com.br\/index.php?rest_route=\/wp\/v2\/posts"}],"about":[{"href":"https:\/\/diarioregionaldigital.com.br\/index.php?rest_route=\/wp\/v2\/types\/post"}],"author":[{"embeddable":true,"href":"https:\/\/diarioregionaldigital.com.br\/index.php?rest_route=\/wp\/v2\/users\/96"}],"replies":[{"embeddable":true,"href":"https:\/\/diarioregionaldigital.com.br\/index.php?rest_route=%2Fwp%2Fv2%2Fcomments&post=192543"}],"version-history":[{"count":1,"href":"https:\/\/diarioregionaldigital.com.br\/index.php?rest_route=\/wp\/v2\/posts\/192543\/revisions"}],"predecessor-version":[{"id":192544,"href":"https:\/\/diarioregionaldigital.com.br\/index.php?rest_route=\/wp\/v2\/posts\/192543\/revisions\/192544"}],"wp:attachment":[{"href":"https:\/\/diarioregionaldigital.com.br\/index.php?rest_route=%2Fwp%2Fv2%2Fmedia&parent=192543"}],"wp:term":[{"taxonomy":"category","embeddable":true,"href":"https:\/\/diarioregionaldigital.com.br\/index.php?rest_route=%2Fwp%2Fv2%2Fcategories&post=192543"},{"taxonomy":"post_tag","embeddable":true,"href":"https:\/\/diarioregionaldigital.com.br\/index.php?rest_route=%2Fwp%2Fv2%2Ftags&post=192543"}],"curies":[{"name":"wp","href":"https:\/\/api.w.org\/{rel}","templated":true}]}}