{"id":192531,"date":"2021-12-17T17:49:50","date_gmt":"2021-12-17T20:49:50","guid":{"rendered":"https:\/\/diarioregionaldigital.com.br\/?p=192531"},"modified":"2021-12-17T17:49:50","modified_gmt":"2021-12-17T20:49:50","slug":"prefeitura-de-juiz-de-fora-homenageia-servidores-da-secretaria-de-obras","status":"publish","type":"post","link":"https:\/\/diarioregionaldigital.com.br\/?p=192531","title":{"rendered":"Prefeitura de Juiz de Fora homenageia servidores da Secretaria de Obras"},"content":{"rendered":"<div id=\"box_texto_noticia\">Celebrando o Dia da Consci\u00eancia Negra, comemorado no \u00faltima dia 20 de novembro, na manh\u00e3 desta sexta-feira, 17, e os trabalhos dos servidores da SO com o Programa Boniteza da cidade neste primeiro ano de gest\u00e3o, a Prefeitura de Juiz de Fora realizou o evento que homenageia 10 servidores negros. \u201cNossa homenagem aos trabalhadores negros e \u00e0s trabalhadoras negras da Prefeitura constitui um reconhecimento, uma repara\u00e7\u00e3o e um gesto na dire\u00e7\u00e3o de construirmos uma cidade mais justa\u201d, destacou a prefeita Margarida Salom\u00e3o.<\/p>\n<p>Segundo informa\u00e7\u00f5es do site da Prefeitura de Juiz de Fora, j\u00e1 o secret\u00e1rio de Obras, Lincoln Santos Lima, agradeceu aos servidores da SO e destacou que ainda h\u00e1 muito trabalho a ser feito: \u201cGostaria de agradecer aos colaboradores da Secretaria de Obras por estarmos vencendo um ano muito dif\u00edcil. \u00c9 um prazer fazer desta equipe e trabalhar em prol de melhorias para Juiz de Fora\u201d.<\/p>\n<p>Sala de conviv\u00eancia Benedito Silva<\/p>\n<p>Al\u00e9m do evento de confraterniza\u00e7\u00e3o e homenagem aos servidores negros, a manh\u00e3 tamb\u00e9m contou com a inaugura\u00e7\u00e3o da sala de conviv\u00eancia Benedito Silva, que representa uma conquista hist\u00f3rica e que refor\u00e7a os cuidados da atual gest\u00e3o com seus servidores.<\/p><\/div>\n<p>&nbsp;<\/p>\n<div id=\"box_compartilhar\" align=\"right\"><\/div>\n","protected":false},"excerpt":{"rendered":"<p>Celebrando o Dia da Consci\u00eancia Negra, comemorado no \u00faltima dia 20 de novembro, na manh\u00e3 desta sexta-feira, 17, e os trabalhos dos servidores da SO com o Programa Boniteza da cidade neste primeiro ano de gest\u00e3o, a Prefeitura de Juiz de Fora realizou o evento que homenageia 10 servidores negros. \u201cNossa homenagem aos trabalhadores negros [&hellip;]<\/p>\n","protected":false},"author":246,"featured_media":192532,"comment_status":"closed","ping_status":"closed","sticky":false,"template":"","format":"standard","meta":{"footnotes":""},"categories":[253,436,439],"tags":[],"class_list":["post-192531","post","type-post","status-publish","format-standard","has-post-thumbnail","hentry","category-cidade","category-destaque-da-semana","category-ultima-hora"],"_links":{"self":[{"href":"https:\/\/diarioregionaldigital.com.br\/index.php?rest_route=\/wp\/v2\/posts\/192531","targetHints":{"allow":["GET"]}}],"collection":[{"href":"https:\/\/diarioregionaldigital.com.br\/index.php?rest_route=\/wp\/v2\/posts"}],"about":[{"href":"https:\/\/diarioregionaldigital.com.br\/index.php?rest_route=\/wp\/v2\/types\/post"}],"author":[{"embeddable":true,"href":"https:\/\/diarioregionaldigital.com.br\/index.php?rest_route=\/wp\/v2\/users\/246"}],"replies":[{"embeddable":true,"href":"https:\/\/diarioregionaldigital.com.br\/index.php?rest_route=%2Fwp%2Fv2%2Fcomments&post=192531"}],"version-history":[{"count":1,"href":"https:\/\/diarioregionaldigital.com.br\/index.php?rest_route=\/wp\/v2\/posts\/192531\/revisions"}],"predecessor-version":[{"id":192533,"href":"https:\/\/diarioregionaldigital.com.br\/index.php?rest_route=\/wp\/v2\/posts\/192531\/revisions\/192533"}],"wp:featuredmedia":[{"embeddable":true,"href":"https:\/\/diarioregionaldigital.com.br\/index.php?rest_route=\/wp\/v2\/media\/192532"}],"wp:attachment":[{"href":"https:\/\/diarioregionaldigital.com.br\/index.php?rest_route=%2Fwp%2Fv2%2Fmedia&parent=192531"}],"wp:term":[{"taxonomy":"category","embeddable":true,"href":"https:\/\/diarioregionaldigital.com.br\/index.php?rest_route=%2Fwp%2Fv2%2Fcategories&post=192531"},{"taxonomy":"post_tag","embeddable":true,"href":"https:\/\/diarioregionaldigital.com.br\/index.php?rest_route=%2Fwp%2Fv2%2Ftags&post=192531"}],"curies":[{"name":"wp","href":"https:\/\/api.w.org\/{rel}","templated":true}]}}