{"id":192528,"date":"2021-12-17T17:48:03","date_gmt":"2021-12-17T20:48:03","guid":{"rendered":"https:\/\/diarioregionaldigital.com.br\/?p=192528"},"modified":"2021-12-17T17:48:03","modified_gmt":"2021-12-17T20:48:03","slug":"estatua-de-moacyr-toledo-sera-inaugurada-no-estadio-municipal","status":"publish","type":"post","link":"https:\/\/diarioregionaldigital.com.br\/?p=192528","title":{"rendered":"Est\u00e1tua de Moacyr Toledo ser\u00e1 inaugurada no Est\u00e1dio Municipal"},"content":{"rendered":"<p>Considerado o maior \u00eddolo da hist\u00f3ria do Tupi, Moacyr Toledo, conhecido como Toledinho, ser\u00e1 homenageado com uma est\u00e1tua no Est\u00e1dio Municipal Radialista M\u00e1rio Hel\u00eanio, no pr\u00f3ximo s\u00e1bado, dia 18, a partir das 13h30. A imagem do ex-atleta ir\u00e1 ficar localizada na entrada dos vesti\u00e1rios do est\u00e1dio.<\/p>\n<p>Segundo informa\u00e7\u00f5es do site da Prefeitura de Juiz de Fora, em sua hist\u00f3ria, Toledinho contabiliza 651 partidas disputadas, sendo considerado, at\u00e9 o momento, o maior artilheiro do Galo Carij\u00f3, com 201 gols assinalados em jogos oficiais. Al\u00e9m disso, conquistou 31 t\u00edtulos nos 21 anos em que defendeu o clube.<\/p>\n<p>Al\u00e9m de ter brilhado em campo, Toledo atuou em outras fun\u00e7\u00f5es no Tupi, sendo t\u00e9cnico dos profissionais e das categorias de base, al\u00e9m de supervisor e administrador do Est\u00e1dio Salles Oliveira, em Santa Terezinha. O secret\u00e1rio de Esporte e Lazer, Marcelo Matta, destaca a import\u00e2ncia do \u00eddolo do Tupi para o munic\u00edpio. &#8220;O Toledo, al\u00e9m de ser jogador de futebol e ter marcado hist\u00f3ria na cidade, foi treinador de muitos futebolistas em Juiz de Fora, tendo o papel fundamental na forma\u00e7\u00e3o destes atletas.&#8221;<\/p>\n<p>Nos \u00faltimos anos, trabalhava nos cuidados do Est\u00e1dio Municipal. Toledinho morreu de insufici\u00eancia respirat\u00f3ria em agosto de 2019.<\/p>\n","protected":false},"excerpt":{"rendered":"<p>Considerado o maior \u00eddolo da hist\u00f3ria do Tupi, Moacyr Toledo, conhecido como Toledinho, ser\u00e1 homenageado com uma est\u00e1tua no Est\u00e1dio Municipal Radialista M\u00e1rio Hel\u00eanio, no pr\u00f3ximo s\u00e1bado, dia 18, a partir das 13h30. A imagem do ex-atleta ir\u00e1 ficar localizada na entrada dos vesti\u00e1rios do est\u00e1dio. Segundo informa\u00e7\u00f5es do site da Prefeitura de Juiz de [&hellip;]<\/p>\n","protected":false},"author":246,"featured_media":192529,"comment_status":"closed","ping_status":"closed","sticky":false,"template":"","format":"standard","meta":{"footnotes":""},"categories":[253,436,439],"tags":[],"class_list":["post-192528","post","type-post","status-publish","format-standard","has-post-thumbnail","hentry","category-cidade","category-destaque-da-semana","category-ultima-hora"],"_links":{"self":[{"href":"https:\/\/diarioregionaldigital.com.br\/index.php?rest_route=\/wp\/v2\/posts\/192528","targetHints":{"allow":["GET"]}}],"collection":[{"href":"https:\/\/diarioregionaldigital.com.br\/index.php?rest_route=\/wp\/v2\/posts"}],"about":[{"href":"https:\/\/diarioregionaldigital.com.br\/index.php?rest_route=\/wp\/v2\/types\/post"}],"author":[{"embeddable":true,"href":"https:\/\/diarioregionaldigital.com.br\/index.php?rest_route=\/wp\/v2\/users\/246"}],"replies":[{"embeddable":true,"href":"https:\/\/diarioregionaldigital.com.br\/index.php?rest_route=%2Fwp%2Fv2%2Fcomments&post=192528"}],"version-history":[{"count":1,"href":"https:\/\/diarioregionaldigital.com.br\/index.php?rest_route=\/wp\/v2\/posts\/192528\/revisions"}],"predecessor-version":[{"id":192530,"href":"https:\/\/diarioregionaldigital.com.br\/index.php?rest_route=\/wp\/v2\/posts\/192528\/revisions\/192530"}],"wp:featuredmedia":[{"embeddable":true,"href":"https:\/\/diarioregionaldigital.com.br\/index.php?rest_route=\/wp\/v2\/media\/192529"}],"wp:attachment":[{"href":"https:\/\/diarioregionaldigital.com.br\/index.php?rest_route=%2Fwp%2Fv2%2Fmedia&parent=192528"}],"wp:term":[{"taxonomy":"category","embeddable":true,"href":"https:\/\/diarioregionaldigital.com.br\/index.php?rest_route=%2Fwp%2Fv2%2Fcategories&post=192528"},{"taxonomy":"post_tag","embeddable":true,"href":"https:\/\/diarioregionaldigital.com.br\/index.php?rest_route=%2Fwp%2Fv2%2Ftags&post=192528"}],"curies":[{"name":"wp","href":"https:\/\/api.w.org\/{rel}","templated":true}]}}