{"id":192525,"date":"2021-12-17T17:45:29","date_gmt":"2021-12-17T20:45:29","guid":{"rendered":"https:\/\/diarioregionaldigital.com.br\/?p=192525"},"modified":"2021-12-17T17:45:29","modified_gmt":"2021-12-17T20:45:29","slug":"pjf-assina-convenio-com-a-onu-habitat-para-o-programa-territorios-da-cidadania","status":"publish","type":"post","link":"https:\/\/diarioregionaldigital.com.br\/?p=192525","title":{"rendered":"PJF assina conv\u00eanio com a ONU Habitat para o Programa Territ\u00f3rios da cidadania"},"content":{"rendered":"<p>A Prefeitura de Juiz de Fora (PJF), atrav\u00e9s da Secretaria de Planejamento do Territ\u00f3rio e Participa\u00e7\u00e3o Popular (Seppop), realizou um evento de assinatura do Programa Territ\u00f3rios da Cidadania em parceria com a Onu Habitat, nesta sexta-feira, 17, \u00e0s 15h, no audit\u00f3rio do 1\u00ba andar, no pr\u00e9dio sede da Prefeitura de Juiz de Fora (PJF), na Avenida Brasil, 2.001. A prefeita Margarida Salom\u00e3o esteve presente na mesa de abertura e afirmou da import\u00e2ncia das pessoas serem ouvidas em seus territ\u00f3rios.<\/p>\n<p>Segundo informa\u00e7\u00f5es do site da Prefeitura de Juiz de Fora, o projeto concebido como uma estrat\u00e9gia de desenvolvimento local sustent\u00e1vel e de garantia de direitos sociais voltados para os locais de vulnerabilidade do munic\u00edpio \u00e9 uma coopera\u00e7\u00e3o entre a Prefeitura de Juiz de Fora e o Programa das Na\u00e7\u00f5es Unidas para Assentamentos Humanos (ONU-Habitat), que auxiliar\u00e1 na cria\u00e7\u00e3o de uma ferramenta de planejamento e gest\u00e3o que objetiva o desenvolvimento socioecon\u00f4mico e acesso aos programas b\u00e1sicos de cidadania para todas e todos.<\/p>\n<p>Esta ferramenta ser\u00e1 executada a partir de duas vertentes: \u201ca primeira, \u00e9 o Mapa R\u00e1pido Participativo, que analisa as estruturas Geo Espaciais e as condi\u00e7\u00f5es em que as pessoas moram, e a segunda, \u00e9 o Perfil Socioecon\u00f4mico, como os cidad\u00e3os se sentem naquele lugar onde vivem, como elas veem aquele entorno, o que precisam realmente para continuar morando ali e, com esses dados, vamos fazer um planejamento intersetorial, colocando todas as secretarias que t\u00eam a\u00e7\u00e3o social para fazer um planejamento \u00fanico para cidade. Com isso, a gente economiza recursos, dinamiza a nossa a\u00e7\u00e3o, e faz um atendimento mais preciso \u00e0 popula\u00e7\u00e3o&#8221;, explicou o secret\u00e1rio da Seppop, Martvs Das Chagas.<\/p>\n<p>Para a representante do Programa das Na\u00e7\u00f5es Unidas para os Assentamentos Humanos (ONU Habitat) Rayne Ferretti Moraes, \u201cesse \u00e9 de um trabalho que vai continuar sendo coletivamente constru\u00eddo, para que possamos entender o territ\u00f3rio em todos os detalhes que s\u00e3o importantes, e construir dados e novos conhecimentos a partir da comunidade. A expectativa \u00e9 apoiar a Prefeitura a ter melhores sistemas de informa\u00e7\u00e3o, para alimentar novas pol\u00edticas p\u00fablicas que sejam feitas em evid\u00eancias, ou seja, a partir de dados atualizados, qualificados e constru\u00eddos de maneira coletiva, entre a ONU Habitat, a PJF e os pr\u00f3prios territ\u00f3rios onde vamos trabalhar.\u201d<\/p>\n<p>Tamb\u00e9m estiveram presentes na composi\u00e7\u00e3o da mesa, a secret\u00e1ria de Educa\u00e7\u00e3o (SE), N\u00e1dia Ribas; a secret\u00e1ria de Assist\u00eancia Social (SAS) Malu Salim Miranda Machado.<\/p>\n","protected":false},"excerpt":{"rendered":"<p>A Prefeitura de Juiz de Fora (PJF), atrav\u00e9s da Secretaria de Planejamento do Territ\u00f3rio e Participa\u00e7\u00e3o Popular (Seppop), realizou um evento de assinatura do Programa Territ\u00f3rios da Cidadania em parceria com a Onu Habitat, nesta sexta-feira, 17, \u00e0s 15h, no audit\u00f3rio do 1\u00ba andar, no pr\u00e9dio sede da Prefeitura de Juiz de Fora (PJF), na [&hellip;]<\/p>\n","protected":false},"author":246,"featured_media":192526,"comment_status":"closed","ping_status":"closed","sticky":false,"template":"","format":"standard","meta":{"footnotes":""},"categories":[253,436,440,439],"tags":[],"class_list":["post-192525","post","type-post","status-publish","format-standard","has-post-thumbnail","hentry","category-cidade","category-destaque-da-semana","category-destaques-do-dia","category-ultima-hora"],"_links":{"self":[{"href":"https:\/\/diarioregionaldigital.com.br\/index.php?rest_route=\/wp\/v2\/posts\/192525","targetHints":{"allow":["GET"]}}],"collection":[{"href":"https:\/\/diarioregionaldigital.com.br\/index.php?rest_route=\/wp\/v2\/posts"}],"about":[{"href":"https:\/\/diarioregionaldigital.com.br\/index.php?rest_route=\/wp\/v2\/types\/post"}],"author":[{"embeddable":true,"href":"https:\/\/diarioregionaldigital.com.br\/index.php?rest_route=\/wp\/v2\/users\/246"}],"replies":[{"embeddable":true,"href":"https:\/\/diarioregionaldigital.com.br\/index.php?rest_route=%2Fwp%2Fv2%2Fcomments&post=192525"}],"version-history":[{"count":1,"href":"https:\/\/diarioregionaldigital.com.br\/index.php?rest_route=\/wp\/v2\/posts\/192525\/revisions"}],"predecessor-version":[{"id":192527,"href":"https:\/\/diarioregionaldigital.com.br\/index.php?rest_route=\/wp\/v2\/posts\/192525\/revisions\/192527"}],"wp:featuredmedia":[{"embeddable":true,"href":"https:\/\/diarioregionaldigital.com.br\/index.php?rest_route=\/wp\/v2\/media\/192526"}],"wp:attachment":[{"href":"https:\/\/diarioregionaldigital.com.br\/index.php?rest_route=%2Fwp%2Fv2%2Fmedia&parent=192525"}],"wp:term":[{"taxonomy":"category","embeddable":true,"href":"https:\/\/diarioregionaldigital.com.br\/index.php?rest_route=%2Fwp%2Fv2%2Fcategories&post=192525"},{"taxonomy":"post_tag","embeddable":true,"href":"https:\/\/diarioregionaldigital.com.br\/index.php?rest_route=%2Fwp%2Fv2%2Ftags&post=192525"}],"curies":[{"name":"wp","href":"https:\/\/api.w.org\/{rel}","templated":true}]}}