{"id":192519,"date":"2021-12-17T17:38:38","date_gmt":"2021-12-17T20:38:38","guid":{"rendered":"https:\/\/diarioregionaldigital.com.br\/?p=192519"},"modified":"2021-12-17T17:38:38","modified_gmt":"2021-12-17T20:38:38","slug":"mercedes-desiste-de-apelacao-e-parabeniza-verstappen-por-titulo-da-f1","status":"publish","type":"post","link":"https:\/\/diarioregionaldigital.com.br\/?p=192519","title":{"rendered":"Mercedes desiste de apela\u00e7\u00e3o e parabeniza Verstappen por t\u00edtulo da F1"},"content":{"rendered":"<p>A Mercedes, equipe de Lewis Hamilton, desistiu dos planos de apelar do resultado do Grande Pr\u00eamio de Abu Dhabi nesta quinta-feira (16) e parabenizou Max Verstappen pelo campeonato mundial de F\u00f3rmula 1.<img decoding=\"async\" src=\"https:\/\/agenciabrasil.ebc.com.br\/ebc.png?id=1432512&amp;o=node\" \/><img decoding=\"async\" src=\"https:\/\/agenciabrasil.ebc.com.br\/ebc.gif?id=1432512&amp;o=node\" \/><\/p>\n<p>Verstappen, piloto de 24 anos da Red Bull, conquistou o t\u00edtulo ao ultrapassar o heptacampe\u00e3o Hamilton na \u00faltima volta da corrida em meio a uma revolta com a maneira como uma interven\u00e7\u00e3o tardia do\u00a0<em>safety car<\/em>\u00a0foi realizada.<\/p>\n<p>O holand\u00eas deve receber o trof\u00e9u em uma cerim\u00f4nia de gala em Paris na noite desta quinta-feira.<\/p>\n<p>A Mercedes acolheu a decis\u00e3o da Federa\u00e7\u00e3o Internacional de Automobilismo (FIA), anunciada na quarta-feira, de analisar o que aconteceu no circuito de Yas Marina e proporcionar clareza no futuro.<\/p>\n<p>\u201cResponsabilizaremos a FIA por este processo e por meio desta retiramos nossa apela\u00e7\u00e3o\u201d, disse a Mercedes.<\/p>\n<p>A Mercedes havia anunciado a inten\u00e7\u00e3o de apelar ap\u00f3s dois protestos p\u00f3s-corrida serem rejeitados. O prazo era a noite de quinta-feira.<\/p>\n<p>\u201cSa\u00edmos de Abu Dhabi sem acreditar no que t\u00ednhamos acabado de testemunhar. \u00c9 claro que \u00e9 parte do jogo perder uma corrida, mas \u00e9 algo diferente quando voc\u00ea perde a f\u00e9 na modalidade\u201d, declarou a Mercedes.<\/p>\n<p>O\u00a0<em>safety car<\/em>\u00a0foi acionado a cinco voltas do final, ap\u00f3s Nicholas Latifi bater sua Williams, for\u00e7ando os comiss\u00e1rios a entrarem na pista.<\/p>\n<p>A corrida foi retomada a uma volta do final ap\u00f3s o diretor de provas, Michael Masi, quebrar o protocolo que indica que todos os retardat\u00e1rios devem ultrapassar o\u00a0<em>safety car<\/em>\u00a0antes que a bandeira verde seja acionada.<\/p>\n<p>Em vez disso, apenas os carros que estavam posicionados entre Verstappen e Hamilton foram autorizados a descontar suas voltas de atraso, o que deu ao piloto da Red Bull pista livre para se aproximar de Hamilton e o ultrapassar.<\/p>\n<p><span style=\"font-weight: 400;\"><br \/>\n<\/span><span style=\"font-weight: 400;\">Fonte: Ag\u00eancia Brasil <\/span><\/p>\n","protected":false},"excerpt":{"rendered":"<p>A Mercedes, equipe de Lewis Hamilton, desistiu dos planos de apelar do resultado do Grande Pr\u00eamio de Abu Dhabi nesta quinta-feira (16) e parabenizou Max Verstappen pelo campeonato mundial de F\u00f3rmula 1. Verstappen, piloto de 24 anos da Red Bull, conquistou o t\u00edtulo ao ultrapassar o heptacampe\u00e3o Hamilton na \u00faltima volta da corrida em meio [&hellip;]<\/p>\n","protected":false},"author":246,"featured_media":192520,"comment_status":"closed","ping_status":"closed","sticky":false,"template":"","format":"standard","meta":{"footnotes":""},"categories":[436,257,439],"tags":[],"class_list":["post-192519","post","type-post","status-publish","format-standard","has-post-thumbnail","hentry","category-destaque-da-semana","category-esporte","category-ultima-hora"],"_links":{"self":[{"href":"https:\/\/diarioregionaldigital.com.br\/index.php?rest_route=\/wp\/v2\/posts\/192519","targetHints":{"allow":["GET"]}}],"collection":[{"href":"https:\/\/diarioregionaldigital.com.br\/index.php?rest_route=\/wp\/v2\/posts"}],"about":[{"href":"https:\/\/diarioregionaldigital.com.br\/index.php?rest_route=\/wp\/v2\/types\/post"}],"author":[{"embeddable":true,"href":"https:\/\/diarioregionaldigital.com.br\/index.php?rest_route=\/wp\/v2\/users\/246"}],"replies":[{"embeddable":true,"href":"https:\/\/diarioregionaldigital.com.br\/index.php?rest_route=%2Fwp%2Fv2%2Fcomments&post=192519"}],"version-history":[{"count":1,"href":"https:\/\/diarioregionaldigital.com.br\/index.php?rest_route=\/wp\/v2\/posts\/192519\/revisions"}],"predecessor-version":[{"id":192521,"href":"https:\/\/diarioregionaldigital.com.br\/index.php?rest_route=\/wp\/v2\/posts\/192519\/revisions\/192521"}],"wp:featuredmedia":[{"embeddable":true,"href":"https:\/\/diarioregionaldigital.com.br\/index.php?rest_route=\/wp\/v2\/media\/192520"}],"wp:attachment":[{"href":"https:\/\/diarioregionaldigital.com.br\/index.php?rest_route=%2Fwp%2Fv2%2Fmedia&parent=192519"}],"wp:term":[{"taxonomy":"category","embeddable":true,"href":"https:\/\/diarioregionaldigital.com.br\/index.php?rest_route=%2Fwp%2Fv2%2Fcategories&post=192519"},{"taxonomy":"post_tag","embeddable":true,"href":"https:\/\/diarioregionaldigital.com.br\/index.php?rest_route=%2Fwp%2Fv2%2Ftags&post=192519"}],"curies":[{"name":"wp","href":"https:\/\/api.w.org\/{rel}","templated":true}]}}