{"id":192516,"date":"2021-12-17T17:36:34","date_gmt":"2021-12-17T20:36:34","guid":{"rendered":"https:\/\/diarioregionaldigital.com.br\/?p=192516"},"modified":"2021-12-17T17:36:34","modified_gmt":"2021-12-17T20:36:34","slug":"rayssa-leal-e-escolhida-melhor-skatista-do-ano","status":"publish","type":"post","link":"https:\/\/diarioregionaldigital.com.br\/?p=192516","title":{"rendered":"Rayssa Leal \u00e9 escolhida melhor skatista do ano"},"content":{"rendered":"<p>Rayssa Leal mostrou mais uma vez que \u00e9 o grande nome do skate brasileiro\u00a0ao conquistar o pr\u00eamio de melhor skatista do ano, entre as mulheres, do Trof\u00e9u Cemporcento Skate. Entre os homens a honraria ficou com Felipe Nunes.<img decoding=\"async\" src=\"https:\/\/agenciabrasil.ebc.com.br\/ebc.png?id=1432576&amp;o=node\" \/><img decoding=\"async\" src=\"https:\/\/agenciabrasil.ebc.com.br\/ebc.gif?id=1432576&amp;o=node\" \/><\/p>\n<p>O pr\u00eamio foi recebido\u00a0pela fadinha na \u00faltima quarta-feira (15), em cerim\u00f4nia promovida pela Confedera\u00e7\u00e3o Brasileira de Skate (CBSk) em S\u00e3o Paulo.<\/p>\n<p>Al\u00e9m de receber o trof\u00e9u de skatista do ano, a medalhista de prata na Olimp\u00edada levou para casa o trof\u00e9u Destaque T\u00f3quio 2020.<\/p>\n<p>Ap\u00f3s a conquista, Rayssa Leal se pronunciou em seu perfil em uma rede social: \u201cEstou muito feliz em ganhar esse pr\u00eamio! \u00c9 uma honra. Foi um ano especial para o skate e mais ainda para mim. Queria agradecer a minha fam\u00edlia, que sempre me apoiou, meus patrocinadores e a todos que, de alguma forma, me incentivaram e torceram por mim. Obrigada skate por me proporcionar os melhores momentos desse ano\u201d.<\/p>\n<p>Entre os homens o destaque foi Felipe Nunes, que, al\u00e9m de ser escolhido como skatista do ano, recebeu o trof\u00e9u da categoria Paraskate.<\/p>\n<p><span style=\"font-weight: 400;\">Fonte: Ag\u00eancia Brasil <\/span><\/p>\n","protected":false},"excerpt":{"rendered":"<p>Rayssa Leal mostrou mais uma vez que \u00e9 o grande nome do skate brasileiro\u00a0ao conquistar o pr\u00eamio de melhor skatista do ano, entre as mulheres, do Trof\u00e9u Cemporcento Skate. Entre os homens a honraria ficou com Felipe Nunes. O pr\u00eamio foi recebido\u00a0pela fadinha na \u00faltima quarta-feira (15), em cerim\u00f4nia promovida pela Confedera\u00e7\u00e3o Brasileira de Skate [&hellip;]<\/p>\n","protected":false},"author":246,"featured_media":192517,"comment_status":"closed","ping_status":"closed","sticky":false,"template":"","format":"standard","meta":{"footnotes":""},"categories":[436,257,439],"tags":[],"class_list":["post-192516","post","type-post","status-publish","format-standard","has-post-thumbnail","hentry","category-destaque-da-semana","category-esporte","category-ultima-hora"],"_links":{"self":[{"href":"https:\/\/diarioregionaldigital.com.br\/index.php?rest_route=\/wp\/v2\/posts\/192516","targetHints":{"allow":["GET"]}}],"collection":[{"href":"https:\/\/diarioregionaldigital.com.br\/index.php?rest_route=\/wp\/v2\/posts"}],"about":[{"href":"https:\/\/diarioregionaldigital.com.br\/index.php?rest_route=\/wp\/v2\/types\/post"}],"author":[{"embeddable":true,"href":"https:\/\/diarioregionaldigital.com.br\/index.php?rest_route=\/wp\/v2\/users\/246"}],"replies":[{"embeddable":true,"href":"https:\/\/diarioregionaldigital.com.br\/index.php?rest_route=%2Fwp%2Fv2%2Fcomments&post=192516"}],"version-history":[{"count":1,"href":"https:\/\/diarioregionaldigital.com.br\/index.php?rest_route=\/wp\/v2\/posts\/192516\/revisions"}],"predecessor-version":[{"id":192518,"href":"https:\/\/diarioregionaldigital.com.br\/index.php?rest_route=\/wp\/v2\/posts\/192516\/revisions\/192518"}],"wp:featuredmedia":[{"embeddable":true,"href":"https:\/\/diarioregionaldigital.com.br\/index.php?rest_route=\/wp\/v2\/media\/192517"}],"wp:attachment":[{"href":"https:\/\/diarioregionaldigital.com.br\/index.php?rest_route=%2Fwp%2Fv2%2Fmedia&parent=192516"}],"wp:term":[{"taxonomy":"category","embeddable":true,"href":"https:\/\/diarioregionaldigital.com.br\/index.php?rest_route=%2Fwp%2Fv2%2Fcategories&post=192516"},{"taxonomy":"post_tag","embeddable":true,"href":"https:\/\/diarioregionaldigital.com.br\/index.php?rest_route=%2Fwp%2Fv2%2Ftags&post=192516"}],"curies":[{"name":"wp","href":"https:\/\/api.w.org\/{rel}","templated":true}]}}