{"id":192510,"date":"2021-12-17T17:29:10","date_gmt":"2021-12-17T20:29:10","guid":{"rendered":"https:\/\/diarioregionaldigital.com.br\/?p=192510"},"modified":"2021-12-17T17:29:10","modified_gmt":"2021-12-17T20:29:10","slug":"governo-de-minas-inicia-construcao-de-uma-das-maiores-pontes-sobre-o-rio-sao-francisco-em-2022","status":"publish","type":"post","link":"https:\/\/diarioregionaldigital.com.br\/?p=192510","title":{"rendered":"Governo de Minas inicia constru\u00e7\u00e3o de uma das maiores pontes sobre o Rio S\u00e3o Francisco em 2022"},"content":{"rendered":"<p>O\u00a0<a href=\"https:\/\/www.mg.gov.br\/\" target=\"_blank\" rel=\"noopener noreferrer\">Governo de Minas<\/a>, por meio da\u00a0<a href=\"http:\/\/www.infraestrutura.mg.gov.br\/\" target=\"_blank\" rel=\"noopener noreferrer\">Secretaria de Estado de Infraestrutura e Mobilidade (Seinfra)<\/a>\u00a0e do\u00a0<a href=\"http:\/\/www.der.mg.gov.br\/\" target=\"_blank\" rel=\"noopener noreferrer\">Departamento de Edifica\u00e7\u00f5es e Estradas de Rodagem (DER-MG)<\/a>, publicou,\u00a0nesta quinta-feira (16\/12), o extrato para execu\u00e7\u00e3o das obras de constru\u00e7\u00e3o da ponte sobre o Rio S\u00e3o Francisco, na MG-402, localizada no Norte do estado.<\/p>\n<p>A ponte ser\u00e1 uma das maiores j\u00e1 constru\u00eddas em Minas, com 1.120 metros de extens\u00e3o e 13,8 metros de largura, al\u00e9m de um acesso de aproximadamente 3 quil\u00f4metros. Para a execu\u00e7\u00e3o de toda obra ser\u00e3o investidos cerca de R$ 113 milh\u00f5es. Os recursos s\u00e3o do Termo de Repara\u00e7\u00e3o assinado com a mineradora Vale, em decorr\u00eancia do rompimento da barragem de Brumadinho.<\/p>\n<p>O documento, assinado em fevereiro de 2021, visa reparar os danos decorrentes do rompimento das barragens da Vale S.A. em Brumadinho, que tirou a vida de 272 pessoas e gerou uma s\u00e9rie de impactos sociais, ambientais e econ\u00f4micos na bacia do Rio Paraopeba e em todo o Estado de Minas Gerais.<\/p>\n<p><strong>Travessia\u00a0<\/strong><\/p>\n<p>Desde a abertura da rodovia, a travessia do Rio S\u00e3o Francisco vem sendo feita por meio de balsas, que dependem das condi\u00e7\u00f5es clim\u00e1ticas e da capacidade fluvial do curso d\u2019\u00e1gua para realizarem a transposi\u00e7\u00e3o de ve\u00edculos de cargas e de passeio.<\/p>\n<p>Com a constru\u00e7\u00e3o da ponte, a circula\u00e7\u00e3o de mercadorias do setor agropecu\u00e1rio entre as regi\u00f5es Norte e Noroeste de Minas ser\u00e1 facilitada e, tamb\u00e9m, o escoamento da produ\u00e7\u00e3o dos estados de Goi\u00e1s e Mato Grosso para o Nordeste brasileiro. Outro importante benef\u00edcio da obra ser\u00e1 ampliar o acesso das cidades mineiras ao Distrito Federal, uma vez que, por vias asfaltadas, \u00e9 preciso passar por Pirapora, Jo\u00e3o Pinheiro, Paracatu e Una\u00ed.<\/p>\n<p>\u201cA constru\u00e7\u00e3o de uma ponte de mais de 1 quil\u00f4metro n\u00e3o \u00e9 tarefa f\u00e1cil. A estrutura tem v\u00e3o de navega\u00e7\u00e3o de 240 metros, outros v\u00e3os menores, de 40 metros, e pilares centrais de 15 metros de altura\u201d, explica o diretor-geral do DER-MG, Robson Santana.<\/p>\n<p>O secret\u00e1rio de Estado de Infraestrutura e Mobilidade, Fernando Marcato, afirma que os servi\u00e7os devem come\u00e7ar em 2022, com contrata\u00e7\u00e3o de pessoal, deslocamento de m\u00e1quinas e montagem do canteiro de obras. \u201cNossa meta \u00e9 conclu\u00ed-la em 24 meses\u201d, refor\u00e7a.<\/p>\n<p><strong>Corredor de transporte<\/strong><\/p>\n<p>A ponte que liga S\u00e3o Francisco a Pint\u00f3polis \u00e9 uma demanda antiga dos moradores da regi\u00e3o, que reivindicam a obra desde os anos 1950, \u00e9poca em que Juscelino Kubitschek, ainda candidato ao Governo de Minas, tinha como mote de campanha o bin\u00f4mio \u201cEnergia e Transporte\u201d.<\/p>\n<p>A obra,\u00a0que fica bem pr\u00f3xima da \u00e1rea urbana da cidade de S\u00e3o Francisco, est\u00e1 vinculada \u00e0 execu\u00e7\u00e3o da pavimenta\u00e7\u00e3o do trecho de 73 quil\u00f4metros entre Pint\u00f3polis e Urucuia. Nessa etapa ser\u00e3o investidos R$ 65,5 milh\u00f5es e a previs\u00e3o de in\u00edcio dos trabalhos \u00e9 no come\u00e7o do pr\u00f3ximo ano, com conclus\u00e3o no fim de 2023.<\/p>\n<p>\u201cCom o asfaltamento do trecho cria-se um corredor no modal rodovi\u00e1rio que ligar\u00e1 a regi\u00e3o Centro-Oeste, passando por cidades mineiras como Una\u00ed, Arinos, Urucuia, Pint\u00f3polis, S\u00e3o Francisco, Bras\u00edlia de Minas, Montes Claros, Francisco S\u00e1 e Salinas, at\u00e9 chegar na BR-116 que corta o interior do Nordeste at\u00e9 Fortaleza, no Cear\u00e1\u201d, explica Robson Santana.<\/p>\n<p><span style=\"font-weight: 400;\">Fonte: Ag\u00eancia Minas <\/span><\/p>\n","protected":false},"excerpt":{"rendered":"<p>O\u00a0Governo de Minas, por meio da\u00a0Secretaria de Estado de Infraestrutura e Mobilidade (Seinfra)\u00a0e do\u00a0Departamento de Edifica\u00e7\u00f5es e Estradas de Rodagem (DER-MG), publicou,\u00a0nesta quinta-feira (16\/12), o extrato para execu\u00e7\u00e3o das obras de constru\u00e7\u00e3o da ponte sobre o Rio S\u00e3o Francisco, na MG-402, localizada no Norte do estado. A ponte ser\u00e1 uma das maiores j\u00e1 constru\u00eddas em [&hellip;]<\/p>\n","protected":false},"author":246,"featured_media":192511,"comment_status":"closed","ping_status":"closed","sticky":false,"template":"","format":"standard","meta":{"footnotes":""},"categories":[436,254,439],"tags":[],"class_list":["post-192510","post","type-post","status-publish","format-standard","has-post-thumbnail","hentry","category-destaque-da-semana","category-politica","category-ultima-hora"],"_links":{"self":[{"href":"https:\/\/diarioregionaldigital.com.br\/index.php?rest_route=\/wp\/v2\/posts\/192510","targetHints":{"allow":["GET"]}}],"collection":[{"href":"https:\/\/diarioregionaldigital.com.br\/index.php?rest_route=\/wp\/v2\/posts"}],"about":[{"href":"https:\/\/diarioregionaldigital.com.br\/index.php?rest_route=\/wp\/v2\/types\/post"}],"author":[{"embeddable":true,"href":"https:\/\/diarioregionaldigital.com.br\/index.php?rest_route=\/wp\/v2\/users\/246"}],"replies":[{"embeddable":true,"href":"https:\/\/diarioregionaldigital.com.br\/index.php?rest_route=%2Fwp%2Fv2%2Fcomments&post=192510"}],"version-history":[{"count":1,"href":"https:\/\/diarioregionaldigital.com.br\/index.php?rest_route=\/wp\/v2\/posts\/192510\/revisions"}],"predecessor-version":[{"id":192512,"href":"https:\/\/diarioregionaldigital.com.br\/index.php?rest_route=\/wp\/v2\/posts\/192510\/revisions\/192512"}],"wp:featuredmedia":[{"embeddable":true,"href":"https:\/\/diarioregionaldigital.com.br\/index.php?rest_route=\/wp\/v2\/media\/192511"}],"wp:attachment":[{"href":"https:\/\/diarioregionaldigital.com.br\/index.php?rest_route=%2Fwp%2Fv2%2Fmedia&parent=192510"}],"wp:term":[{"taxonomy":"category","embeddable":true,"href":"https:\/\/diarioregionaldigital.com.br\/index.php?rest_route=%2Fwp%2Fv2%2Fcategories&post=192510"},{"taxonomy":"post_tag","embeddable":true,"href":"https:\/\/diarioregionaldigital.com.br\/index.php?rest_route=%2Fwp%2Fv2%2Ftags&post=192510"}],"curies":[{"name":"wp","href":"https:\/\/api.w.org\/{rel}","templated":true}]}}