{"id":192504,"date":"2021-12-17T17:26:39","date_gmt":"2021-12-17T20:26:39","guid":{"rendered":"https:\/\/diarioregionaldigital.com.br\/?p=192504"},"modified":"2021-12-17T17:26:39","modified_gmt":"2021-12-17T20:26:39","slug":"cemig-vai-substituir-mais-de-100-mil-luminarias-de-maior-consumo-por-lampadas-de-led","status":"publish","type":"post","link":"https:\/\/diarioregionaldigital.com.br\/?p=192504","title":{"rendered":"Cemig vai substituir mais de 100 mil lumin\u00e1rias de maior consumo por l\u00e2mpadas de LED"},"content":{"rendered":"<p>A\u00a0<a href=\"https:\/\/www.cemig.com.br\/\" target=\"_blank\" rel=\"noopener noreferrer\">Cemig<\/a>\u00a0vai investir mais de R$ 112 milh\u00f5es na substitui\u00e7\u00e3o de lumin\u00e1rias de ilumina\u00e7\u00e3o p\u00fablica de maior pot\u00eancia por lumin\u00e1rias LED em munic\u00edpios localizados em sua \u00e1rea de concess\u00e3o, por meio do projeto Minas LED. A expectativa \u00e9 a de que a moderniza\u00e7\u00e3o seja conclu\u00edda at\u00e9 outubro de 2022, proporcionando \u00e0s prefeituras uma economia de cerca de R$ 40 milh\u00f5es em gastos com ilumina\u00e7\u00e3o p\u00fablica.<\/p>\n<p>O lan\u00e7amento do programa foi feito nesta sexta-feira (17\/4) e contou com a participa\u00e7\u00e3o do governador Romeu Zema, al\u00e9m do presidente da empresa, Reynaldo Passanezi Filho.<\/p>\n<p>A meta \u00e9 substituir mais de 100 mil pontos de ilumina\u00e7\u00e3o, beneficiando mais de 600 cidades do estado e promovendo a efici\u00eancia energ\u00e9tica e a redu\u00e7\u00e3o inteligente do consumo de energia e da demanda no hor\u00e1rio de ponta do sistema el\u00e9trico. O projeto \u00e9 uma iniciativa do Programa de Efici\u00eancia Energ\u00e9tica (PEE) da Cemig, regulado pela Ag\u00eancia Nacional de Energia El\u00e9trica (Aneel).<\/p>\n<p>Romeu Zema destacou o trabalho da nova gest\u00e3o da companhia, que voltou a investir em Minas Gerais para garantir a melhoria da infraestrutura de transmiss\u00e3o e distribui\u00e7\u00e3o de energia.<\/p>\n<p>\u201cFico muito satisfeito em assistir a Cemig fazer esta mudan\u00e7a de rumo, voltando a investir em Minas. O que objetivamos \u00e0 frente do governo \u00e9 o desenvolvimento para os 21 milh\u00f5es de mineiros. \u00c9 necess\u00e1rio que se leve energia para todos os cantos do estado, pois o desenvolvimento envolve energia el\u00e9trica. A instala\u00e7\u00e3o das lumin\u00e1rias LED representa mais um passo entre os v\u00e1rios investimentos em melhorias que v\u00e3o proporcionar o atendimento adequado \u00e0 popula\u00e7\u00e3o\u201d, afirmou.<\/p>\n<p>Para o presidente da Cemig, Reynaldo Passanezi Filho, al\u00e9m de incentivar a moderniza\u00e7\u00e3o da ilumina\u00e7\u00e3o p\u00fablica de Minas Gerais, o projeto contribui com a redu\u00e7\u00e3o da demanda de energia em um momento de crise h\u00eddrica no Brasil. &#8220;A energia da Cemig transforma a vida das pessoas e, por meio do projeto Minas LED, a companhia trar\u00e1 resultados positivos para a seguran\u00e7a p\u00fablica da popula\u00e7\u00e3o das cidades atendidas&#8221;, comentou.<\/p>\n<p>Incentivo<\/p>\n<p>Apesar de a responsabilidade pela ilumina\u00e7\u00e3o p\u00fablica ser das prefeituras desde janeiro de 2015, conforme determina\u00e7\u00e3o da Aneel, a Cemig desenvolve o projeto em parceria com os munic\u00edpios para modernizar os equipamentos e incentivar a ado\u00e7\u00e3o de medidas de efici\u00eancia energ\u00e9tica. \u00c9 o que explica Ronaldo Lucas Queiroz, gerente de Efici\u00eancia Energ\u00e9tica da Cemig.<\/p>\n<p>&#8220;A ilumina\u00e7\u00e3o p\u00fablica continua sendo de responsabilidade dos munic\u00edpios. As administra\u00e7\u00f5es municipais s\u00e3o respons\u00e1veis pela substitui\u00e7\u00e3o das l\u00e2mpadas, lumin\u00e1rias e demais equipamentos e materiais que comp\u00f5em o conjunto de ilumina\u00e7\u00e3o, incluindo a instala\u00e7\u00e3o de novos pontos. Neste projeto, apesar de n\u00e3o ser necess\u00e1ria contrapartida financeira das cidades, elas dever\u00e3o apoiar a Cemig em todas as etapas, conforme crit\u00e9rios e cronograma definidos no plano de trabalho e no Acordo de Coopera\u00e7\u00e3o T\u00e9cnica a ser assinado entre as partes&#8221;, explicou.<\/p>\n<p>A Cemig ir\u00e1 adquirir lumin\u00e1rias LED, realizar as substitui\u00e7\u00f5es das lumin\u00e1rias em campo, encaminhar os equipamentos substitu\u00eddos para serem descartados de forma ambientalmente correta e prestar contas do projeto perante a Aneel.<\/p>\n<p>&#8220;Os munic\u00edpios continuar\u00e3o respons\u00e1veis pela manuten\u00e7\u00e3o da Ilumina\u00e7\u00e3o p\u00fablica e, ap\u00f3s todas as substitui\u00e7\u00f5es previstas no projeto, tamb\u00e9m devem acionar as garantias, quando necess\u00e1rio, das lumin\u00e1rias LED instaladas. Al\u00e9m disso, esperamos que a a\u00e7\u00e3o seja uma forma de incentivar a amplia\u00e7\u00e3o da utiliza\u00e7\u00e3o das l\u00e2mpadas eficientes, tornando todo o sistema de ilumina\u00e7\u00e3o p\u00fablica cada vez mais econ\u00f4mico e condizente com a cultura de efici\u00eancia energ\u00e9tica&#8221;, completou o gerente.<\/p>\n<p><strong>Prazo e crit\u00e9rios para participa\u00e7\u00e3o<\/strong><\/p>\n<p>A cada prefeitura ser\u00e1 proposto um cronograma e um plano de trabalho. O projeto ser\u00e1 realizado de forma n\u00e3o simult\u00e2nea em todos os munic\u00edpios, mas todos devem ser atendidos em 2022.<\/p>\n<p>Podem participar todos os munic\u00edpios que estejam adimplentes com a Cemig, que ainda possuam\u202flumin\u00e1rias com pot\u00eancia superior a 250 W instaladas\u202fem seu parque de ilumina\u00e7\u00e3o p\u00fablica e que n\u00e3o tenham firmado parceria p\u00fablico\/privada (PPP) para troca e manuten\u00e7\u00e3o desses equipamentos. Tamb\u00e9m \u00e9 preciso que o munic\u00edpio assine com a Cemig o Acordo de Coopera\u00e7\u00e3o T\u00e9cnica, aceitando todas as premissas e condi\u00e7\u00f5es do projeto.<\/p>\n<p><strong>Iluminar mais, consumindo menos\u00a0<\/strong><\/p>\n<p>Somente no ano passado, o PEE da Cemig investiu cerca de R$ 50 milh\u00f5es em diversos projetos no estado. Neste ano, at\u00e9 o momento, j\u00e1 foram mais de R$ 34 milh\u00f5es investidos. O programa tem o objetivo de combater o desperd\u00edcio de energia el\u00e9trica por meio da substitui\u00e7\u00e3o de equipamentos obsoletos por outros mais modernos, entre outras iniciativas.<\/p>\n<p>O PEE possui subprogramas como Cemig nos Hospitais, que j\u00e1 contemplou, desde 2001, 308 hospitais; sendo que a meta \u00e9 atender outras 231 institui\u00e7\u00f5es at\u00e9 2024; Cemig no Campo, iniciativa que promove atendimento a comunidades rurais e quilombolas, levando ao p\u00fablico a\u00e7\u00f5es como negocia\u00e7\u00e3o de d\u00e9bitos e atualiza\u00e7\u00e3o cadastral;, Cemig nas Escolas, projeto que leva ilumina\u00e7\u00e3o de LED e a\u00e7\u00f5es educacionais a institui\u00e7\u00f5es de ensino; e o Cemig nas Comunidades, que ir\u00e1 promover a regulariza\u00e7\u00e3o de 240 mil fam\u00edlias, al\u00e9m de atuar em a\u00e7\u00f5es como negocia\u00e7\u00e3o de d\u00e9bitos e cadastro de clientes na Tarifa Social de Energia El\u00e9trica.<\/p>\n<p>Dessa forma, a empresa atua na substitui\u00e7\u00e3o de equipamentos ineficientes, al\u00e9m de levar orienta\u00e7\u00f5es sobre o uso correto, seguro e sustent\u00e1vel da energia el\u00e9trica. Cada subprograma tem seu p\u00fablico espec\u00edfico e os detalhes podem ser conferidos no\u00a0<a href=\"http:\/\/cemig.com.br\/\" target=\"_blank\" rel=\"noopener\">portal da Cemig<\/a>.<\/p>\n<p><span style=\"font-weight: 400;\"><br \/>\n<\/span><span style=\"font-weight: 400;\">Fonte: Ag\u00eancia Minas <\/span><\/p>\n","protected":false},"excerpt":{"rendered":"<p>A\u00a0Cemig\u00a0vai investir mais de R$ 112 milh\u00f5es na substitui\u00e7\u00e3o de lumin\u00e1rias de ilumina\u00e7\u00e3o p\u00fablica de maior pot\u00eancia por lumin\u00e1rias LED em munic\u00edpios localizados em sua \u00e1rea de concess\u00e3o, por meio do projeto Minas LED. A expectativa \u00e9 a de que a moderniza\u00e7\u00e3o seja conclu\u00edda at\u00e9 outubro de 2022, proporcionando \u00e0s prefeituras uma economia de cerca [&hellip;]<\/p>\n","protected":false},"author":246,"featured_media":192505,"comment_status":"closed","ping_status":"closed","sticky":false,"template":"","format":"standard","meta":{"footnotes":""},"categories":[436,254,439],"tags":[],"class_list":["post-192504","post","type-post","status-publish","format-standard","has-post-thumbnail","hentry","category-destaque-da-semana","category-politica","category-ultima-hora"],"_links":{"self":[{"href":"https:\/\/diarioregionaldigital.com.br\/index.php?rest_route=\/wp\/v2\/posts\/192504","targetHints":{"allow":["GET"]}}],"collection":[{"href":"https:\/\/diarioregionaldigital.com.br\/index.php?rest_route=\/wp\/v2\/posts"}],"about":[{"href":"https:\/\/diarioregionaldigital.com.br\/index.php?rest_route=\/wp\/v2\/types\/post"}],"author":[{"embeddable":true,"href":"https:\/\/diarioregionaldigital.com.br\/index.php?rest_route=\/wp\/v2\/users\/246"}],"replies":[{"embeddable":true,"href":"https:\/\/diarioregionaldigital.com.br\/index.php?rest_route=%2Fwp%2Fv2%2Fcomments&post=192504"}],"version-history":[{"count":1,"href":"https:\/\/diarioregionaldigital.com.br\/index.php?rest_route=\/wp\/v2\/posts\/192504\/revisions"}],"predecessor-version":[{"id":192506,"href":"https:\/\/diarioregionaldigital.com.br\/index.php?rest_route=\/wp\/v2\/posts\/192504\/revisions\/192506"}],"wp:featuredmedia":[{"embeddable":true,"href":"https:\/\/diarioregionaldigital.com.br\/index.php?rest_route=\/wp\/v2\/media\/192505"}],"wp:attachment":[{"href":"https:\/\/diarioregionaldigital.com.br\/index.php?rest_route=%2Fwp%2Fv2%2Fmedia&parent=192504"}],"wp:term":[{"taxonomy":"category","embeddable":true,"href":"https:\/\/diarioregionaldigital.com.br\/index.php?rest_route=%2Fwp%2Fv2%2Fcategories&post=192504"},{"taxonomy":"post_tag","embeddable":true,"href":"https:\/\/diarioregionaldigital.com.br\/index.php?rest_route=%2Fwp%2Fv2%2Ftags&post=192504"}],"curies":[{"name":"wp","href":"https:\/\/api.w.org\/{rel}","templated":true}]}}