{"id":192497,"date":"2021-12-17T17:17:31","date_gmt":"2021-12-17T20:17:31","guid":{"rendered":"https:\/\/diarioregionaldigital.com.br\/?p=192497"},"modified":"2021-12-17T17:18:22","modified_gmt":"2021-12-17T20:18:22","slug":"presidente-aprova-mistura-de-10-de-biodiesel-no-oleo-diesel","status":"publish","type":"post","link":"https:\/\/diarioregionaldigital.com.br\/?p=192497","title":{"rendered":"Presidente aprova mistura de 10% de biodiesel no \u00f3leo diesel"},"content":{"rendered":"<p>O presidente Jair Bolsonaro aprovou resolu\u00e7\u00e3o do Conselho Nacional de Pol\u00edtica Energ\u00e9tica (CNPE) que estabelece o teor de mistura obrigat\u00f3ria do biodiesel no \u00f3leo diesel f\u00f3ssil em 10% para o ano de 2022. A decis\u00e3o foi tomada pelo CNPE em 29 de novembro e a aprova\u00e7\u00e3o presidencial publicada hoje (17) no Di\u00e1rio Oficial da Uni\u00e3o.<\/p>\n<p>De acordo com o Minist\u00e9rio de Minas e Energia (MME), que preside o conselho, a decis\u00e3o visa proteger os interesses do consumidor quanto ao pre\u00e7o, qualidade e oferta dos produtos.<\/p>\n<p>A estimativa do governo \u00e9 que o percentual de adi\u00e7\u00e3o obrigat\u00f3rio de biodiesel ao \u00f3leo diesel deve evitar, em m\u00e9dia, uma eleva\u00e7\u00e3o de pre\u00e7os de R$ 0,12 no ano que vem, em um cen\u00e1rio de aumento das commodities, como a soja, no mercado brasileiro e internacional, e de desvaloriza\u00e7\u00e3o cambial. A soja \u00e9 a principal mat\u00e9ria-prima do biodiesel brasileiro, com cerca de 71% na composi\u00e7\u00e3o. O restante \u00e9 oriundo de sebo bovino e outros \u00f3leos.<\/p>\n<p>Segundo o MME, pela legisla\u00e7\u00e3o, o CNPE pode aumentar esse teor at\u00e9 15% ou reduzi-lo at\u00e9 6%, motivado pelo interesse p\u00fablico. Em outubro, o colegiado j\u00e1 havia reduzido o percentual de 13% para 10%, diante das eleva\u00e7\u00f5es de pre\u00e7os no mercado de combust\u00edveis.<\/p>\n<p>Em comunicado divulgado no in\u00edcio do m\u00eas, o MME explicou que o biodiesel manteve pre\u00e7os m\u00e9dios, ao longo de 2021, equivalentes ao dobro do pre\u00e7o do diesel A, proveniente exclusivamente do petr\u00f3leo.<\/p>\n<p>\u201cTal diferen\u00e7a de pre\u00e7os, quando aliada a altos percentuais de biodiesel na mistura, tem forte potencial de impacto na economia do pa\u00eds, dada a relev\u00e2ncia do modal rodovi\u00e1rio, com reflexos diretos no aumento da infla\u00e7\u00e3o [de pre\u00e7os de fretes e dos produtos transportados]\u201d, diz o MME.<\/p>\n<p>\u201cAdemais, com base nas melhores informa\u00e7\u00f5es dispon\u00edveis, mesmo que haja uma supersafra mundial de soja, n\u00e3o h\u00e1 expectativa de queda significativa do pre\u00e7o da commodity no mercado internacional, a ponto de alterar o elevado patamar de pre\u00e7o do biodiesel\u201d, completou a pasta.<\/p>\n<p>A decis\u00e3o, segundo o CNPE, concilia medidas para a conten\u00e7\u00e3o do pre\u00e7o do diesel, mas n\u00e3o compromete a manuten\u00e7\u00e3o da Pol\u00edtica Nacional dos Biocombust\u00edveis (RenovaBio). Em vigor desde 2017, a pol\u00edtica trata da expans\u00e3o, de forma sustent\u00e1vel, da produ\u00e7\u00e3o e uso do biodiesel, visando ao desenvolvimento regional, \u00e0 inclus\u00e3o social de pequenos produtores e \u00e0 redu\u00e7\u00e3o de emiss\u00e3o de gases causadores do efeito estufa.<\/p>\n<p>A partir de 1\u00ba de janeiro, tamb\u00e9m ter\u00e1 in\u00edcio o novo modelo de comercializa\u00e7\u00e3o de biodiesel, com a possibilidade de contrata\u00e7\u00e3o direta entre o produtor do insumo e o distribuidor de combust\u00edveis. O modelo foi definido pela Ag\u00eancia Nacional do Petr\u00f3leo, G\u00e1s Natural e Biocombust\u00edveis (ANP) em substitui\u00e7\u00e3o aos leil\u00f5es p\u00fablicos e visa reduzir os pre\u00e7os na cadeia at\u00e9 o consumidor final.<\/p>\n<p>\u201cO mercado continuar\u00e1 sendo monitorado permanentemente pelo CNPE e, se necess\u00e1rio, medidas tempestivas poder\u00e3o ser adotadas, a fim de resguardar a Pol\u00edtica Energ\u00e9tica Nacional e a Pol\u00edtica Nacional dos Biocombust\u00edveis\u201d, destacou o MME.<\/p>\n<p><span style=\"font-weight: 400;\">Fonte: Ag\u00eancia Brasil <\/span><\/p>\n","protected":false},"excerpt":{"rendered":"<p>O presidente Jair Bolsonaro aprovou resolu\u00e7\u00e3o do Conselho Nacional de Pol\u00edtica Energ\u00e9tica (CNPE) que estabelece o teor de mistura obrigat\u00f3ria do biodiesel no \u00f3leo diesel f\u00f3ssil em 10% para o ano de 2022. A decis\u00e3o foi tomada pelo CNPE em 29 de novembro e a aprova\u00e7\u00e3o presidencial publicada hoje (17) no Di\u00e1rio Oficial da Uni\u00e3o. [&hellip;]<\/p>\n","protected":false},"author":246,"featured_media":192498,"comment_status":"closed","ping_status":"closed","sticky":false,"template":"","format":"standard","meta":{"footnotes":""},"categories":[436,261,439],"tags":[],"class_list":["post-192497","post","type-post","status-publish","format-standard","has-post-thumbnail","hentry","category-destaque-da-semana","category-economia","category-ultima-hora"],"_links":{"self":[{"href":"https:\/\/diarioregionaldigital.com.br\/index.php?rest_route=\/wp\/v2\/posts\/192497","targetHints":{"allow":["GET"]}}],"collection":[{"href":"https:\/\/diarioregionaldigital.com.br\/index.php?rest_route=\/wp\/v2\/posts"}],"about":[{"href":"https:\/\/diarioregionaldigital.com.br\/index.php?rest_route=\/wp\/v2\/types\/post"}],"author":[{"embeddable":true,"href":"https:\/\/diarioregionaldigital.com.br\/index.php?rest_route=\/wp\/v2\/users\/246"}],"replies":[{"embeddable":true,"href":"https:\/\/diarioregionaldigital.com.br\/index.php?rest_route=%2Fwp%2Fv2%2Fcomments&post=192497"}],"version-history":[{"count":2,"href":"https:\/\/diarioregionaldigital.com.br\/index.php?rest_route=\/wp\/v2\/posts\/192497\/revisions"}],"predecessor-version":[{"id":192500,"href":"https:\/\/diarioregionaldigital.com.br\/index.php?rest_route=\/wp\/v2\/posts\/192497\/revisions\/192500"}],"wp:featuredmedia":[{"embeddable":true,"href":"https:\/\/diarioregionaldigital.com.br\/index.php?rest_route=\/wp\/v2\/media\/192498"}],"wp:attachment":[{"href":"https:\/\/diarioregionaldigital.com.br\/index.php?rest_route=%2Fwp%2Fv2%2Fmedia&parent=192497"}],"wp:term":[{"taxonomy":"category","embeddable":true,"href":"https:\/\/diarioregionaldigital.com.br\/index.php?rest_route=%2Fwp%2Fv2%2Fcategories&post=192497"},{"taxonomy":"post_tag","embeddable":true,"href":"https:\/\/diarioregionaldigital.com.br\/index.php?rest_route=%2Fwp%2Fv2%2Ftags&post=192497"}],"curies":[{"name":"wp","href":"https:\/\/api.w.org\/{rel}","templated":true}]}}