{"id":192485,"date":"2021-12-17T12:30:09","date_gmt":"2021-12-17T15:30:09","guid":{"rendered":"https:\/\/diarioregionaldigital.com.br\/?p=192485"},"modified":"2021-12-17T12:30:09","modified_gmt":"2021-12-17T15:30:09","slug":"policia-militar-atende-vitima-de-homicidio-tentado-no-bairro-sao-judas-tadeu","status":"publish","type":"post","link":"https:\/\/diarioregionaldigital.com.br\/?p=192485","title":{"rendered":"Pol\u00edcia Militar atende v\u00edtima de homic\u00eddio tentado no bairro S\u00e3o Judas Tadeu"},"content":{"rendered":"<p>Na data desta sexta-feira, 17dez2021, por volta das 03h13min, a Pol\u00edcia Militar foi acionada e compareceu a Rua Jos\u00e9 Francisco de Andrade, no bairro S\u00e3o Judas Tadeu, para atendimento as uma ocorr\u00eancia de homic\u00eddio tentado. A v\u00edtima, homem de 37 anos, relatou que marcou encontro com uma garota pelas redes sociais e chegando ao local foi surpreendido por um indiv\u00edduo que disparou uma arma de fogo duas vezes em sua dire\u00e7\u00e3o. O autor fugiu em seguida tomando rumo ignorado. A v\u00edtima apresentava les\u00f5es na cervical lado direito e bra\u00e7o esquerdo, provavelmente causado por arma de fogo. SAMU acionado compareceu e encaminhou a v\u00edtima at\u00e9 o Hospital de Pronto Socorro (HPS) onde segundo m\u00e9dicos n\u00e3o corre risco e ficar\u00e1 internado para cirurgia. A Pol\u00edcia Militar continua em rastreamento na tentativa de localizar o autor.<\/p>\n","protected":false},"excerpt":{"rendered":"<p>Na data desta sexta-feira, 17dez2021, por volta das 03h13min, a Pol\u00edcia Militar foi acionada e compareceu a Rua Jos\u00e9 Francisco de Andrade, no bairro S\u00e3o Judas Tadeu, para atendimento as uma ocorr\u00eancia de homic\u00eddio tentado. A v\u00edtima, homem de 37 anos, relatou que marcou encontro com uma garota pelas redes sociais e chegando ao local [&hellip;]<\/p>\n","protected":false},"author":246,"featured_media":192486,"comment_status":"closed","ping_status":"closed","sticky":false,"template":"","format":"standard","meta":{"footnotes":""},"categories":[301],"tags":[],"class_list":["post-192485","post","type-post","status-publish","format-standard","has-post-thumbnail","hentry","category-artigos-policiais"],"_links":{"self":[{"href":"https:\/\/diarioregionaldigital.com.br\/index.php?rest_route=\/wp\/v2\/posts\/192485","targetHints":{"allow":["GET"]}}],"collection":[{"href":"https:\/\/diarioregionaldigital.com.br\/index.php?rest_route=\/wp\/v2\/posts"}],"about":[{"href":"https:\/\/diarioregionaldigital.com.br\/index.php?rest_route=\/wp\/v2\/types\/post"}],"author":[{"embeddable":true,"href":"https:\/\/diarioregionaldigital.com.br\/index.php?rest_route=\/wp\/v2\/users\/246"}],"replies":[{"embeddable":true,"href":"https:\/\/diarioregionaldigital.com.br\/index.php?rest_route=%2Fwp%2Fv2%2Fcomments&post=192485"}],"version-history":[{"count":1,"href":"https:\/\/diarioregionaldigital.com.br\/index.php?rest_route=\/wp\/v2\/posts\/192485\/revisions"}],"predecessor-version":[{"id":192487,"href":"https:\/\/diarioregionaldigital.com.br\/index.php?rest_route=\/wp\/v2\/posts\/192485\/revisions\/192487"}],"wp:featuredmedia":[{"embeddable":true,"href":"https:\/\/diarioregionaldigital.com.br\/index.php?rest_route=\/wp\/v2\/media\/192486"}],"wp:attachment":[{"href":"https:\/\/diarioregionaldigital.com.br\/index.php?rest_route=%2Fwp%2Fv2%2Fmedia&parent=192485"}],"wp:term":[{"taxonomy":"category","embeddable":true,"href":"https:\/\/diarioregionaldigital.com.br\/index.php?rest_route=%2Fwp%2Fv2%2Fcategories&post=192485"},{"taxonomy":"post_tag","embeddable":true,"href":"https:\/\/diarioregionaldigital.com.br\/index.php?rest_route=%2Fwp%2Fv2%2Ftags&post=192485"}],"curies":[{"name":"wp","href":"https:\/\/api.w.org\/{rel}","templated":true}]}}