{"id":192479,"date":"2021-12-17T06:00:47","date_gmt":"2021-12-17T09:00:47","guid":{"rendered":"https:\/\/diarioregionaldigital.com.br\/?p=192479"},"modified":"2021-12-16T21:51:36","modified_gmt":"2021-12-17T00:51:36","slug":"liberdade-verdadeira","status":"publish","type":"post","link":"https:\/\/diarioregionaldigital.com.br\/?p=192479","title":{"rendered":"Liberdade Verdadeira"},"content":{"rendered":"<p>A Carta aos G\u00e1lata, cap\u00edtulo 5, parte inicial do vers\u00edculo 1, nos ensina: \u201cFoi para a liberdade que Cristo nos libertou\u201d.<\/p>\n<p>As pessoas, em geral, t\u00eam uma vis\u00e3o negativa sobre o estilo de vida crist\u00e3o.<\/p>\n<p>A vis\u00e3o estereotipada \u00e9 de que as pessoas que seguem as prescri\u00e7\u00f5es da Palavra de Deus vivem sob r\u00edgidas limita\u00e7\u00f5es na forma de falar, vestir, consumir, se relacionar, \u2026 Segundo esse ponto de vista, o Crist\u00e3o est\u00e1 \u201cproibido\u201d de viver experi\u00eancias e sensa\u00e7\u00f5es prazerosas: n\u00e3o pode isso, n\u00e3o pode aquilo!<\/p>\n<p>Esse tipo de pensamento, n\u00e3o poucas vezes, afugenta muitos que acabam por n\u00e3o mergulhar fundo na presen\u00e7a de Deus. Fato que nos leva a perguntar: ser\u00e1 realmente que o cristianismo implica em perder a liberdade?<\/p>\n<p>Bom, como diz respeito a \u201cperder\u201d, antes \u00e9 necess\u00e1rio saber se em algum momento houve a posse de liberdade, pois n\u00e3o se pode deixar de ter o que nunca\u00a0 se teve, concorda?! Sendo assim, \u00e9 necess\u00e1rio refletir antes sobre outra inc\u00f3gnita: ser\u00e1 que neste mundo somos verdadeiramente livres? A nossa sociedade, fundamentada na \u00e9tica iluminista, produziu a ilus\u00e3o de que somos. Mas ser\u00e1 que isso \u00e9 verdade?<\/p>\n<p>Na pr\u00e1tica, essa mesma sociedade escraviza as pessoas. Voc\u00ea \u00e9 escravo de um monte de coisas mesmo sem notar: do trabalho, de certo padr\u00e3o de corpo, de atingir determinadas expectativas, de consumir tais mercadorias, de estar bem relacionado,&#8230;<\/p>\n<p>Alguns aspectos dessa escravid\u00e3o incomodam, como ter de acordar cedo todos os dias e ir para o trabalho, outras s\u00e3o impercept\u00edveis, como determinados h\u00e1bitos, ostentar certas coisas, ser bem-sucedido na carreira, estar conectado todo o tempo etc, etc, etc.<\/p>\n<p>N\u00e3o se engane, a raz\u00e3o da mudan\u00e7a baseia-se no fato dos padr\u00f5es do mundo n\u00e3o serem os de Deus. Sabemos, ainda que intuitivamente, que a \u201cescravid\u00e3o velada\u201d n\u00e3o tem qualquer compromisso com o bem e s\u00e3o exatamente os caminho que levam ao mal que o Senhor exige que rejeitemos.<\/p>\n<p>\u201cN\u00e3o se amoldem ao padr\u00e3o deste mundo, mas transformem-se pela renova\u00e7\u00e3o da sua mente, para que sejam capazes de experimentar e comprovar a boa, agrad\u00e1vel e perfeita vontade de Deus\u201d (Romanos 12: 2).<\/p>\n<p>Quando voc\u00ea se entrega ao Pai, a escravid\u00e3o dos costumes desta Era, come\u00e7a a esvair, quer voc\u00ea se d\u00ea conta disso ou n\u00e3o. O Esp\u00edrito Santo nos leva a superar o que o mundo valoriza, por isso o ap\u00f3stolo Paulo nos diz: \u201conde est\u00e1 o Esp\u00edrito do Senhor, ali h\u00e1 liberdade\u201d (2 Cor\u00edntios 3: 17).<\/p>\n<p>Portanto, n\u00e3o consiste em \u201cperder\u201d, consiste apenas em \u201ctrocar\u201d, deixar de ser obrigado a viver de acordo com o padr\u00e3o imposto pela sociedade, maculada pelo pecado, e viver segundo um padr\u00e3o que obedece \u00e0 justi\u00e7a de Deus.<\/p>\n<p>Isso n\u00e3o tem nada a ver com comida, bebida, roupa,&#8230; Pois se reinventar nessas coisas s\u00e3o meras manifesta\u00e7\u00f5es da novidade de vida, algo mais pleno e profundo. \u201cPois o Reino de Deus n\u00e3o \u00e9 comida nem bebida, mas justi\u00e7a, paz e alegria no Esp\u00edrito Santo (Romanos 14: 17).<\/p>\n<p>Tenha certeza, o que Deus nos diz para abandonar, n\u00e3o faz falta alguma.<\/p>\n","protected":false},"excerpt":{"rendered":"<p>A Carta aos G\u00e1lata, cap\u00edtulo 5, parte inicial do vers\u00edculo 1, nos ensina: \u201cFoi para a liberdade que Cristo nos libertou\u201d. As pessoas, em geral, t\u00eam uma vis\u00e3o negativa sobre o estilo de vida crist\u00e3o. A vis\u00e3o estereotipada \u00e9 de que as pessoas que seguem as prescri\u00e7\u00f5es da Palavra de Deus vivem sob r\u00edgidas limita\u00e7\u00f5es [&hellip;]<\/p>\n","protected":false},"author":96,"featured_media":0,"comment_status":"closed","ping_status":"closed","sticky":false,"template":"","format":"standard","meta":{"footnotes":""},"categories":[1244],"tags":[],"class_list":["post-192479","post","type-post","status-publish","format-standard","hentry","category-oleg-abramov"],"_links":{"self":[{"href":"https:\/\/diarioregionaldigital.com.br\/index.php?rest_route=\/wp\/v2\/posts\/192479","targetHints":{"allow":["GET"]}}],"collection":[{"href":"https:\/\/diarioregionaldigital.com.br\/index.php?rest_route=\/wp\/v2\/posts"}],"about":[{"href":"https:\/\/diarioregionaldigital.com.br\/index.php?rest_route=\/wp\/v2\/types\/post"}],"author":[{"embeddable":true,"href":"https:\/\/diarioregionaldigital.com.br\/index.php?rest_route=\/wp\/v2\/users\/96"}],"replies":[{"embeddable":true,"href":"https:\/\/diarioregionaldigital.com.br\/index.php?rest_route=%2Fwp%2Fv2%2Fcomments&post=192479"}],"version-history":[{"count":1,"href":"https:\/\/diarioregionaldigital.com.br\/index.php?rest_route=\/wp\/v2\/posts\/192479\/revisions"}],"predecessor-version":[{"id":192480,"href":"https:\/\/diarioregionaldigital.com.br\/index.php?rest_route=\/wp\/v2\/posts\/192479\/revisions\/192480"}],"wp:attachment":[{"href":"https:\/\/diarioregionaldigital.com.br\/index.php?rest_route=%2Fwp%2Fv2%2Fmedia&parent=192479"}],"wp:term":[{"taxonomy":"category","embeddable":true,"href":"https:\/\/diarioregionaldigital.com.br\/index.php?rest_route=%2Fwp%2Fv2%2Fcategories&post=192479"},{"taxonomy":"post_tag","embeddable":true,"href":"https:\/\/diarioregionaldigital.com.br\/index.php?rest_route=%2Fwp%2Fv2%2Ftags&post=192479"}],"curies":[{"name":"wp","href":"https:\/\/api.w.org\/{rel}","templated":true}]}}