{"id":192473,"date":"2021-12-16T17:50:30","date_gmt":"2021-12-16T20:50:30","guid":{"rendered":"https:\/\/diarioregionaldigital.com.br\/?p=192473"},"modified":"2021-12-16T17:50:30","modified_gmt":"2021-12-16T20:50:30","slug":"canil-municipal-realiza-ultimo-evento-de-adocao-do-ano-no-independencia-shopping","status":"publish","type":"post","link":"https:\/\/diarioregionaldigital.com.br\/?p=192473","title":{"rendered":"Canil Municipal realiza \u00faltimo evento de ado\u00e7\u00e3o do ano no Independ\u00eancia Shopping"},"content":{"rendered":"<p>O Canil Municipal da Prefeitura de Juiz de Fora (PJF) realizar\u00e1 neste s\u00e1bado, 18, o \u00faltimo evento de ado\u00e7\u00e3o do ano, que acontecer\u00e1 no Independ\u00eancia Shopping (Avenida Presidente Itamar Franco 3.600, no Cascatinha). Assim como no \u00faltimo evento realizado no \u00faltimo m\u00eas, ser\u00e1 montado um espa\u00e7o para acolher os animais dispon\u00edveis para ado\u00e7\u00e3o em frente ao Servi\u00e7o de Atendimento ao Cidad\u00e3o (SAC), no pavimento L1 do shopping, das 12h \u00e0s 17h.<\/p>\n<p>Segundo informa\u00e7\u00f5es do site da Prefeitura de Juiz de fora, a a\u00e7\u00e3o contar\u00e1 com a presen\u00e7a de profissionais capacitados para entrevistarem minuciosamente os interessados em adotar um pet, como forma de identificar quem est\u00e1 apto para a ado\u00e7\u00e3o respons\u00e1vel. Os animais dispon\u00edveis para ado\u00e7\u00e3o s\u00e3o castrados, vacinados, vermifugados e chipados.<\/p>\n<p>Pessoas que desejam adotar um animal precisam apresentar um documento oficial com foto, CPF e comprovante de resid\u00eancia, al\u00e9m de terem mais de 18 anos de idade. Para garantir a seguran\u00e7a dos animais adotados, \u00e9 ideal que os interessados levem guias e coleiras para cachorro e caixas transportadoras para gatos. Tamb\u00e9m \u00e9 indispens\u00e1vel o cumprimento dos protocolos de preven\u00e7\u00e3o \u00e0 Covid-19 com o uso de m\u00e1scara de prote\u00e7\u00e3o e \u00e1lcool para higieniza\u00e7\u00e3o das m\u00e3os.<\/p>\n<p>\u201c<strong>Me adote A\u00ed!\u201d<\/strong><\/p>\n<p>A campanha \u201cMe adote A\u00ed!\u201d foi lan\u00e7ada pela atual gest\u00e3o municipal com o objetivo de garantir um lar para os animais abrigados no Canil Municipal. Al\u00e9m do evento no Independ\u00eancia Shopping, os interessados em adotar um animal podem entrar em contato pelo telefone (32) 3225-9933, de segunda a sexta-feira, das 7h \u00e0s 11h e das 12h \u00e0s 16h30 para agendar uma visita. O Canil Municipal fica na Rua Bartolomeu dos Santos, 680, Bairro S\u00e3o Dami\u00e3o.<\/p>\n<p><strong>Outras informa\u00e7\u00f5es:<\/strong><\/p>\n<p>(32) 3690-7246 &#8211; Secretaria de Comunica\u00e7\u00e3o P\u00fablica (Secom)<\/p>\n<p>(32) 3225-9933 &#8211; Ado\u00e7\u00e3o respons\u00e1vel<\/p>\n<p>Acesse as redes sociais do Canil Municipal &#8211;\u00a0<a href=\"https:\/\/www.pjf.mg.gov.br\/me-adota-ai\/\"><strong>ME ADOTA A\u00cd!<\/strong><\/a><strong>\u00a0<\/strong><\/p>\n","protected":false},"excerpt":{"rendered":"<p>O Canil Municipal da Prefeitura de Juiz de Fora (PJF) realizar\u00e1 neste s\u00e1bado, 18, o \u00faltimo evento de ado\u00e7\u00e3o do ano, que acontecer\u00e1 no Independ\u00eancia Shopping (Avenida Presidente Itamar Franco 3.600, no Cascatinha). Assim como no \u00faltimo evento realizado no \u00faltimo m\u00eas, ser\u00e1 montado um espa\u00e7o para acolher os animais dispon\u00edveis para ado\u00e7\u00e3o em frente [&hellip;]<\/p>\n","protected":false},"author":246,"featured_media":192474,"comment_status":"closed","ping_status":"closed","sticky":false,"template":"","format":"standard","meta":{"footnotes":""},"categories":[253,436,439],"tags":[],"class_list":["post-192473","post","type-post","status-publish","format-standard","has-post-thumbnail","hentry","category-cidade","category-destaque-da-semana","category-ultima-hora"],"_links":{"self":[{"href":"https:\/\/diarioregionaldigital.com.br\/index.php?rest_route=\/wp\/v2\/posts\/192473","targetHints":{"allow":["GET"]}}],"collection":[{"href":"https:\/\/diarioregionaldigital.com.br\/index.php?rest_route=\/wp\/v2\/posts"}],"about":[{"href":"https:\/\/diarioregionaldigital.com.br\/index.php?rest_route=\/wp\/v2\/types\/post"}],"author":[{"embeddable":true,"href":"https:\/\/diarioregionaldigital.com.br\/index.php?rest_route=\/wp\/v2\/users\/246"}],"replies":[{"embeddable":true,"href":"https:\/\/diarioregionaldigital.com.br\/index.php?rest_route=%2Fwp%2Fv2%2Fcomments&post=192473"}],"version-history":[{"count":1,"href":"https:\/\/diarioregionaldigital.com.br\/index.php?rest_route=\/wp\/v2\/posts\/192473\/revisions"}],"predecessor-version":[{"id":192475,"href":"https:\/\/diarioregionaldigital.com.br\/index.php?rest_route=\/wp\/v2\/posts\/192473\/revisions\/192475"}],"wp:featuredmedia":[{"embeddable":true,"href":"https:\/\/diarioregionaldigital.com.br\/index.php?rest_route=\/wp\/v2\/media\/192474"}],"wp:attachment":[{"href":"https:\/\/diarioregionaldigital.com.br\/index.php?rest_route=%2Fwp%2Fv2%2Fmedia&parent=192473"}],"wp:term":[{"taxonomy":"category","embeddable":true,"href":"https:\/\/diarioregionaldigital.com.br\/index.php?rest_route=%2Fwp%2Fv2%2Fcategories&post=192473"},{"taxonomy":"post_tag","embeddable":true,"href":"https:\/\/diarioregionaldigital.com.br\/index.php?rest_route=%2Fwp%2Fv2%2Ftags&post=192473"}],"curies":[{"name":"wp","href":"https:\/\/api.w.org\/{rel}","templated":true}]}}