{"id":192470,"date":"2021-12-16T17:47:05","date_gmt":"2021-12-16T20:47:05","guid":{"rendered":"https:\/\/diarioregionaldigital.com.br\/?p=192470"},"modified":"2021-12-16T17:47:05","modified_gmt":"2021-12-16T20:47:05","slug":"empav-realiza-operacao-tapa-buracos-no-bairro-nova-california","status":"publish","type":"post","link":"https:\/\/diarioregionaldigital.com.br\/?p=192470","title":{"rendered":"Empav realiza opera\u00e7\u00e3o tapa-buracos no bairro Nova Calif\u00f3rnia"},"content":{"rendered":"<p>Segundo informa\u00e7\u00f5es do site da Prefeitura de Juiz de fora, afim de dar condi\u00e7\u00f5es de trafegabilidade e contribuir para a melhoria dos corredores de tr\u00e1fego de Juiz de Fora, servidores da Empresa Municipal de Pavimenta\u00e7\u00e3o e Urbaniza\u00e7\u00e3o (Empav) realizaram na manh\u00e3 desta quinta-feira, 16, a opera\u00e7\u00e3o tapa-buracos na Rua Ot\u00edlia de Souza Leal, bairro Nova Calif\u00f3rnia.<\/p>\n<p>Dando sequ\u00eancia \u00e0s a\u00e7\u00f5es do Programa Boniteza da Prefeitura de Juiz de Fora (PJF), al\u00e9m da atua\u00e7\u00e3o com as demandas de recomposi\u00e7\u00e3o asf\u00e1ltica no bairro Nova Calif\u00f3rnia e em outras vias do munic\u00edpio, equipes tamb\u00e9m realizam os servi\u00e7os de pavimenta\u00e7\u00e3o na cal\u00e7ada da Pra\u00e7a do bairro Nova Benfica e na Rua Santo Dias, localizada no bairro Vale Verde.<\/p>\n<p>Para esta quinta-feira, 16, os servi\u00e7os de pavimenta\u00e7\u00e3o e recomposi\u00e7\u00e3o asf\u00e1ltica est\u00e3o previstos para os seguintes trechos:<\/p>\n<p><strong>&#8211; Pavimenta\u00e7\u00e3o Asf\u00e1ltica:<\/strong><\/p>\n<p>Pra\u00e7a de Nova Benfica &#8211; Nova Benfica<\/p>\n<p>Rua Santo Dias &#8211; Vale Verde<\/p>\n<p><strong>&#8211; Recomposi\u00e7\u00e3o Asf\u00e1ltica (Tapa-Buraco):<\/strong><\/p>\n<p>Rua Dr. Jos\u00e9 Ces\u00e1rio &#8211; Alto dos Passos<\/p>\n<p>Rua Isaltino Xavier Ribeiro &#8211; Bela Aurora*<\/p>\n<p>Rua Jandira Limp Pinheiro &#8211; Bela Aurora<\/p>\n<p>Rua Professora No\u00eamia Mendon\u00e7a &#8211; Bela Aurora*<\/p>\n<p>Avenida Eug\u00eanio do Nascimento &#8211; Dom Orione<\/p>\n<p>Avenida Presidente Juscelino Kubitschek &#8211; Diversos*<\/p>\n<p>Rua Ac\u00e1cio Alves Alvim &#8211; Maril\u00e2ndia<\/p>\n<p>Rua General almerindo da Silva Gomes &#8211; Nova Era<\/p>\n<p>Rua Jarcil Firmino Pinheiro &#8211; Nova Era<\/p>\n<p>Rua Ot\u00edlia de Souza Leal &#8211; Nova Calif\u00f3rnia<\/p>\n<p>Avenida Pedro Henrique Krambeck &#8211; S\u00e3o Pedro<\/p>\n<p>Rua Ces\u00e1rio Alvim &#8211; S\u00e3o Bernardo<\/p>\n<p>*Servi\u00e7os seguem em andamento nessas vias<\/p>\n<p>Para solicitar estes e outros servi\u00e7os, entre em contato com o Gabinete de A\u00e7\u00e3o e Di\u00e1logo Comunit\u00e1rio, que recebe e organiza pedidos relativos a interven\u00e7\u00f5es e melhorias urbanas. O contato pode ser feito atrav\u00e9s de liga\u00e7\u00e3o telef\u00f4nica pelo n\u00famero (32) 3690-7241 ou via WhatsApp, utilizando o mesmo n\u00famero.<\/p>\n","protected":false},"excerpt":{"rendered":"<p>Segundo informa\u00e7\u00f5es do site da Prefeitura de Juiz de fora, afim de dar condi\u00e7\u00f5es de trafegabilidade e contribuir para a melhoria dos corredores de tr\u00e1fego de Juiz de Fora, servidores da Empresa Municipal de Pavimenta\u00e7\u00e3o e Urbaniza\u00e7\u00e3o (Empav) realizaram na manh\u00e3 desta quinta-feira, 16, a opera\u00e7\u00e3o tapa-buracos na Rua Ot\u00edlia de Souza Leal, bairro Nova [&hellip;]<\/p>\n","protected":false},"author":246,"featured_media":192471,"comment_status":"closed","ping_status":"closed","sticky":false,"template":"","format":"standard","meta":{"footnotes":""},"categories":[253,436,439],"tags":[],"class_list":["post-192470","post","type-post","status-publish","format-standard","has-post-thumbnail","hentry","category-cidade","category-destaque-da-semana","category-ultima-hora"],"_links":{"self":[{"href":"https:\/\/diarioregionaldigital.com.br\/index.php?rest_route=\/wp\/v2\/posts\/192470","targetHints":{"allow":["GET"]}}],"collection":[{"href":"https:\/\/diarioregionaldigital.com.br\/index.php?rest_route=\/wp\/v2\/posts"}],"about":[{"href":"https:\/\/diarioregionaldigital.com.br\/index.php?rest_route=\/wp\/v2\/types\/post"}],"author":[{"embeddable":true,"href":"https:\/\/diarioregionaldigital.com.br\/index.php?rest_route=\/wp\/v2\/users\/246"}],"replies":[{"embeddable":true,"href":"https:\/\/diarioregionaldigital.com.br\/index.php?rest_route=%2Fwp%2Fv2%2Fcomments&post=192470"}],"version-history":[{"count":1,"href":"https:\/\/diarioregionaldigital.com.br\/index.php?rest_route=\/wp\/v2\/posts\/192470\/revisions"}],"predecessor-version":[{"id":192472,"href":"https:\/\/diarioregionaldigital.com.br\/index.php?rest_route=\/wp\/v2\/posts\/192470\/revisions\/192472"}],"wp:featuredmedia":[{"embeddable":true,"href":"https:\/\/diarioregionaldigital.com.br\/index.php?rest_route=\/wp\/v2\/media\/192471"}],"wp:attachment":[{"href":"https:\/\/diarioregionaldigital.com.br\/index.php?rest_route=%2Fwp%2Fv2%2Fmedia&parent=192470"}],"wp:term":[{"taxonomy":"category","embeddable":true,"href":"https:\/\/diarioregionaldigital.com.br\/index.php?rest_route=%2Fwp%2Fv2%2Fcategories&post=192470"},{"taxonomy":"post_tag","embeddable":true,"href":"https:\/\/diarioregionaldigital.com.br\/index.php?rest_route=%2Fwp%2Fv2%2Ftags&post=192470"}],"curies":[{"name":"wp","href":"https:\/\/api.w.org\/{rel}","templated":true}]}}