{"id":192467,"date":"2021-12-16T17:45:18","date_gmt":"2021-12-16T20:45:18","guid":{"rendered":"https:\/\/diarioregionaldigital.com.br\/?p=192467"},"modified":"2021-12-16T17:45:18","modified_gmt":"2021-12-16T20:45:18","slug":"praca-do-riachuelo-recebe-sarau-griot-iniciativa-para-artistas-independentes","status":"publish","type":"post","link":"https:\/\/diarioregionaldigital.com.br\/?p=192467","title":{"rendered":"Pra\u00e7a do Riachuelo recebe \u201cSarau Griot\u201d, iniciativa para artistas independentes"},"content":{"rendered":"<p>Segundo informa\u00e7\u00f5es do site da Prefeitura de Juiz de Fora, poetas marginais se reuniram para realizar um sarau de poesia em palco aberto na tarde desta quinta-feira (15), na pra\u00e7a do Riachuelo. O intuito do evento \u00e9 permitir que todos, incluindo o p\u00fablico, possam expressar sua arte de maneira inclusiva e democr\u00e1tica por meio de sua voz.<\/p>\n<p>Segundo o mestre de cerim\u00f4nia do evento, o &#8220;Fumacinha&#8221;, a escolha de realizar um sarau, e n\u00e3o o formato cl\u00e1ssico de Slam, foi justamente para que qualquer pessoa pudesse usar sua palavra, sem regras, competi\u00e7\u00f5es ou censuras. As rimas foram, em grande maioria, voltadas para causas sociais, defendendo a igualdade de g\u00eanero, ra\u00e7a, entre outros, al\u00e9m da laicidade do Estado.<\/p>\n<p>Os eventos de Slam e poesia j\u00e1 acontecem na cidade desde 2017. Mas de acordo com Giovanni Ferraz, poeta e apreciador dessa arte, o estilo vem crescendo significativamente nos \u00faltimos anos. Isso gra\u00e7as a muitas iniciativas nos bairros e artistas locais que t\u00eam ganhado destaque no cen\u00e1rio nacional.<\/p>\n<p>O movimento art\u00edstico tamb\u00e9m acontece amanh\u00e3, 17, no mesmo local, das 13h30 \u00e0s 16h, e \u00e9 aberto ao p\u00fablico.<\/p>\n","protected":false},"excerpt":{"rendered":"<p>Segundo informa\u00e7\u00f5es do site da Prefeitura de Juiz de Fora, poetas marginais se reuniram para realizar um sarau de poesia em palco aberto na tarde desta quinta-feira (15), na pra\u00e7a do Riachuelo. O intuito do evento \u00e9 permitir que todos, incluindo o p\u00fablico, possam expressar sua arte de maneira inclusiva e democr\u00e1tica por meio de [&hellip;]<\/p>\n","protected":false},"author":246,"featured_media":192468,"comment_status":"closed","ping_status":"closed","sticky":false,"template":"","format":"standard","meta":{"footnotes":""},"categories":[253,436,439],"tags":[],"class_list":["post-192467","post","type-post","status-publish","format-standard","has-post-thumbnail","hentry","category-cidade","category-destaque-da-semana","category-ultima-hora"],"_links":{"self":[{"href":"https:\/\/diarioregionaldigital.com.br\/index.php?rest_route=\/wp\/v2\/posts\/192467","targetHints":{"allow":["GET"]}}],"collection":[{"href":"https:\/\/diarioregionaldigital.com.br\/index.php?rest_route=\/wp\/v2\/posts"}],"about":[{"href":"https:\/\/diarioregionaldigital.com.br\/index.php?rest_route=\/wp\/v2\/types\/post"}],"author":[{"embeddable":true,"href":"https:\/\/diarioregionaldigital.com.br\/index.php?rest_route=\/wp\/v2\/users\/246"}],"replies":[{"embeddable":true,"href":"https:\/\/diarioregionaldigital.com.br\/index.php?rest_route=%2Fwp%2Fv2%2Fcomments&post=192467"}],"version-history":[{"count":1,"href":"https:\/\/diarioregionaldigital.com.br\/index.php?rest_route=\/wp\/v2\/posts\/192467\/revisions"}],"predecessor-version":[{"id":192469,"href":"https:\/\/diarioregionaldigital.com.br\/index.php?rest_route=\/wp\/v2\/posts\/192467\/revisions\/192469"}],"wp:featuredmedia":[{"embeddable":true,"href":"https:\/\/diarioregionaldigital.com.br\/index.php?rest_route=\/wp\/v2\/media\/192468"}],"wp:attachment":[{"href":"https:\/\/diarioregionaldigital.com.br\/index.php?rest_route=%2Fwp%2Fv2%2Fmedia&parent=192467"}],"wp:term":[{"taxonomy":"category","embeddable":true,"href":"https:\/\/diarioregionaldigital.com.br\/index.php?rest_route=%2Fwp%2Fv2%2Fcategories&post=192467"},{"taxonomy":"post_tag","embeddable":true,"href":"https:\/\/diarioregionaldigital.com.br\/index.php?rest_route=%2Fwp%2Fv2%2Ftags&post=192467"}],"curies":[{"name":"wp","href":"https:\/\/api.w.org\/{rel}","templated":true}]}}