{"id":192464,"date":"2021-12-16T17:42:59","date_gmt":"2021-12-16T20:42:59","guid":{"rendered":"https:\/\/diarioregionaldigital.com.br\/?p=192464"},"modified":"2021-12-16T17:42:59","modified_gmt":"2021-12-16T20:42:59","slug":"centro-pop-recebe-populacao-em-situacao-de-rua-para-cafe-natalino","status":"publish","type":"post","link":"https:\/\/diarioregionaldigital.com.br\/?p=192464","title":{"rendered":"Centro Pop recebe popula\u00e7\u00e3o em situa\u00e7\u00e3o de rua para caf\u00e9 natalino"},"content":{"rendered":"<p>Nesta sexta-feira, 17, a partir das 9h, os usu\u00e1rios do Centro de Refer\u00eancia Especializado para Popula\u00e7\u00e3o em Situa\u00e7\u00e3o de Rua (Centro Pop) ser\u00e3o contemplados com um \u201cCaf\u00e9 Natalino\u201d. Segundo informa\u00e7\u00f5es do site da Prefeitura de Juiz de Fora, os cadastrados no equipamento da Secretaria de Assist\u00eancia Social (SAS) v\u00e3o participar de uma confraterniza\u00e7\u00e3o com a finalidade de resgatar o &#8220;esp\u00edrito natalino\u201d atrav\u00e9s de comidas t\u00edpicas, apresenta\u00e7\u00e3o musical e din\u00e2micas em grupo.<\/p>\n<p>Segundo a supervisora Maria do Socorro, a equipe de profissionais do Centro Pop aproveita o momento de confraterniza\u00e7\u00e3o e uni\u00e3o para fortalecer os v\u00ednculos comunit\u00e1rios, j\u00e1 que grande parte da popula\u00e7\u00e3o em situa\u00e7\u00e3o de rua assistida pelo servi\u00e7o apresenta la\u00e7os familiares fragilizados. Socorro explica que o \u201cCaf\u00e9 Natalino\u201d \u00e9 uma oportunidade para criar uma atmosfera familiar no equipamento para\u00a0que os atendidos identifiquem o Centro Pop como um lugar de apoio.<\/p>\n<p>O equipamento da SAS oferece, tamb\u00e9m, orienta\u00e7\u00e3o para acesso \u00e0 documenta\u00e7\u00e3o pessoal, cuidados de higiene, vestu\u00e1rio e alimenta\u00e7\u00e3o, encaminhamento para servi\u00e7os destinados ao atendimento da popula\u00e7\u00e3o em situa\u00e7\u00e3o de rua, identifica\u00e7\u00e3o para encaminhamento para programas de transfer\u00eancia de renda e promo\u00e7\u00e3o de acesso \u00e0 rede de qualifica\u00e7\u00e3o e requalifica\u00e7\u00e3o profissional com vistas \u00e0 inclus\u00e3o produtiva.<\/p>\n<p>Os canais de acesso ao servi\u00e7o s\u00e3o por meio de encaminhamentos feitos pelo Servi\u00e7o de Abordagem Social, pela rede de atendimento socioassistencial e por demanda espont\u00e2nea. Para se cadastrar no Centro Pop \u00e9 preciso ter 18 anos ou mais e estar em situa\u00e7\u00e3o de rua. No local, os profissionais ir\u00e3o atender, prestar orienta\u00e7\u00f5es e fazer os encaminhamentos necess\u00e1rios.<\/p>\n<p>O Centro Pop fica localizado na Av. Brasil, 265, no bairro\u00a0Costa Carvalho. O telefone \u00e9 3690-7102.<\/p>\n","protected":false},"excerpt":{"rendered":"<p>Nesta sexta-feira, 17, a partir das 9h, os usu\u00e1rios do Centro de Refer\u00eancia Especializado para Popula\u00e7\u00e3o em Situa\u00e7\u00e3o de Rua (Centro Pop) ser\u00e3o contemplados com um \u201cCaf\u00e9 Natalino\u201d. Segundo informa\u00e7\u00f5es do site da Prefeitura de Juiz de Fora, os cadastrados no equipamento da Secretaria de Assist\u00eancia Social (SAS) v\u00e3o participar de uma confraterniza\u00e7\u00e3o com a [&hellip;]<\/p>\n","protected":false},"author":246,"featured_media":192465,"comment_status":"closed","ping_status":"closed","sticky":false,"template":"","format":"standard","meta":{"footnotes":""},"categories":[253,436,440,439],"tags":[],"class_list":["post-192464","post","type-post","status-publish","format-standard","has-post-thumbnail","hentry","category-cidade","category-destaque-da-semana","category-destaques-do-dia","category-ultima-hora"],"_links":{"self":[{"href":"https:\/\/diarioregionaldigital.com.br\/index.php?rest_route=\/wp\/v2\/posts\/192464","targetHints":{"allow":["GET"]}}],"collection":[{"href":"https:\/\/diarioregionaldigital.com.br\/index.php?rest_route=\/wp\/v2\/posts"}],"about":[{"href":"https:\/\/diarioregionaldigital.com.br\/index.php?rest_route=\/wp\/v2\/types\/post"}],"author":[{"embeddable":true,"href":"https:\/\/diarioregionaldigital.com.br\/index.php?rest_route=\/wp\/v2\/users\/246"}],"replies":[{"embeddable":true,"href":"https:\/\/diarioregionaldigital.com.br\/index.php?rest_route=%2Fwp%2Fv2%2Fcomments&post=192464"}],"version-history":[{"count":1,"href":"https:\/\/diarioregionaldigital.com.br\/index.php?rest_route=\/wp\/v2\/posts\/192464\/revisions"}],"predecessor-version":[{"id":192466,"href":"https:\/\/diarioregionaldigital.com.br\/index.php?rest_route=\/wp\/v2\/posts\/192464\/revisions\/192466"}],"wp:featuredmedia":[{"embeddable":true,"href":"https:\/\/diarioregionaldigital.com.br\/index.php?rest_route=\/wp\/v2\/media\/192465"}],"wp:attachment":[{"href":"https:\/\/diarioregionaldigital.com.br\/index.php?rest_route=%2Fwp%2Fv2%2Fmedia&parent=192464"}],"wp:term":[{"taxonomy":"category","embeddable":true,"href":"https:\/\/diarioregionaldigital.com.br\/index.php?rest_route=%2Fwp%2Fv2%2Fcategories&post=192464"},{"taxonomy":"post_tag","embeddable":true,"href":"https:\/\/diarioregionaldigital.com.br\/index.php?rest_route=%2Fwp%2Fv2%2Ftags&post=192464"}],"curies":[{"name":"wp","href":"https:\/\/api.w.org\/{rel}","templated":true}]}}