{"id":192277,"date":"2021-12-13T16:50:43","date_gmt":"2021-12-13T19:50:43","guid":{"rendered":"https:\/\/diarioregionaldigital.com.br\/?p=192277"},"modified":"2021-12-13T16:50:43","modified_gmt":"2021-12-13T19:50:43","slug":"mercedes-protesta-apos-verstappen-derrotar-hamilton-na-formula-1","status":"publish","type":"post","link":"https:\/\/diarioregionaldigital.com.br\/?p=192277","title":{"rendered":"Mercedes protesta ap\u00f3s Verstappen derrotar Hamilton na F\u00f3rmula 1"},"content":{"rendered":"<p>A equipe Mercedes apresentou um protesto, neste domingo (12), ap\u00f3s Max Verstappen, da Red Bull, vencer o Grande Pr\u00eamio de Abu Dhabi e derrotar o heptacampe\u00e3o mundial de F\u00f3rmula 1 Lewis Hamilton para conquistar o t\u00edtulo de 2021 com uma ultrapassagem na \u00faltima volta.<img decoding=\"async\" src=\"https:\/\/agenciabrasil.ebc.com.br\/ebc.png?id=1431578&amp;o=node\" \/><img decoding=\"async\" src=\"https:\/\/agenciabrasil.ebc.com.br\/ebc.gif?id=1431578&amp;o=node\" \/><\/p>\n<p>A equipe, que garantiu o t\u00edtulo de construtores pelo oitavo ano consecutivo, protestou contra duas supostas viola\u00e7\u00f5es das normas esportivas ap\u00f3s o\u00a0<em>safety car<\/em>\u00a0entrar na pista no final da corrida.<\/p>\n<p>Uma declara\u00e7\u00e3o dos comiss\u00e1rios de prova disse que a Mercedes havia protestado \u201ccontra a classifica\u00e7\u00e3o estabelecida no final da competi\u00e7\u00e3o\u201d, argumentando que houve uma viola\u00e7\u00e3o do artigo 48.12.<\/p>\n<p>Verstappen tinha retardat\u00e1rios entre ele e Hamilton ap\u00f3s entrar nos boxes com o\u00a0<em>safety car<\/em>\u00a0na pista e o tempo da corrida acabando.<\/p>\n<p>O diretor de prova, Michael Masi, decidiu que apenas cinco retardat\u00e1rios entre os dois rivais na disputa pelo t\u00edtulo deveriam ser autorizados a recuperar a volta, ao inv\u00e9s de todos os retardat\u00e1rios, como \u00e9 o procedimento usual.<\/p>\n<p>Em um segundo protesto, a Mercedes tamb\u00e9m argumentou que o artigo 48.8 foi violado com o carro da Verstappen ultrapassando Hamilton antes de a corrida ser retomada, \u00e0 medida que ele esperava impacientemente o retorno da prova.<\/p>\n<p>\u00c9 ilegal ultrapassar, a menos que autorizado a faz\u00ea-lo, enquanto o carro de seguran\u00e7a estiver na pista.<\/p>\n<p>A Mercedes disse que n\u00e3o far\u00e1 mais coment\u00e1rios antes da audi\u00eancia sobre o protesto.<\/p>\n<p><span style=\"font-weight: 400;\">Fonte: Ag\u00eancia Brasil <\/span><\/p>\n","protected":false},"excerpt":{"rendered":"<p>A equipe Mercedes apresentou um protesto, neste domingo (12), ap\u00f3s Max Verstappen, da Red Bull, vencer o Grande Pr\u00eamio de Abu Dhabi e derrotar o heptacampe\u00e3o mundial de F\u00f3rmula 1 Lewis Hamilton para conquistar o t\u00edtulo de 2021 com uma ultrapassagem na \u00faltima volta. A equipe, que garantiu o t\u00edtulo de construtores pelo oitavo ano [&hellip;]<\/p>\n","protected":false},"author":246,"featured_media":192278,"comment_status":"closed","ping_status":"closed","sticky":false,"template":"","format":"standard","meta":{"footnotes":""},"categories":[436,257,439],"tags":[],"class_list":["post-192277","post","type-post","status-publish","format-standard","has-post-thumbnail","hentry","category-destaque-da-semana","category-esporte","category-ultima-hora"],"_links":{"self":[{"href":"https:\/\/diarioregionaldigital.com.br\/index.php?rest_route=\/wp\/v2\/posts\/192277","targetHints":{"allow":["GET"]}}],"collection":[{"href":"https:\/\/diarioregionaldigital.com.br\/index.php?rest_route=\/wp\/v2\/posts"}],"about":[{"href":"https:\/\/diarioregionaldigital.com.br\/index.php?rest_route=\/wp\/v2\/types\/post"}],"author":[{"embeddable":true,"href":"https:\/\/diarioregionaldigital.com.br\/index.php?rest_route=\/wp\/v2\/users\/246"}],"replies":[{"embeddable":true,"href":"https:\/\/diarioregionaldigital.com.br\/index.php?rest_route=%2Fwp%2Fv2%2Fcomments&post=192277"}],"version-history":[{"count":1,"href":"https:\/\/diarioregionaldigital.com.br\/index.php?rest_route=\/wp\/v2\/posts\/192277\/revisions"}],"predecessor-version":[{"id":192279,"href":"https:\/\/diarioregionaldigital.com.br\/index.php?rest_route=\/wp\/v2\/posts\/192277\/revisions\/192279"}],"wp:featuredmedia":[{"embeddable":true,"href":"https:\/\/diarioregionaldigital.com.br\/index.php?rest_route=\/wp\/v2\/media\/192278"}],"wp:attachment":[{"href":"https:\/\/diarioregionaldigital.com.br\/index.php?rest_route=%2Fwp%2Fv2%2Fmedia&parent=192277"}],"wp:term":[{"taxonomy":"category","embeddable":true,"href":"https:\/\/diarioregionaldigital.com.br\/index.php?rest_route=%2Fwp%2Fv2%2Fcategories&post=192277"},{"taxonomy":"post_tag","embeddable":true,"href":"https:\/\/diarioregionaldigital.com.br\/index.php?rest_route=%2Fwp%2Fv2%2Ftags&post=192277"}],"curies":[{"name":"wp","href":"https:\/\/api.w.org\/{rel}","templated":true}]}}