{"id":192271,"date":"2021-12-13T16:47:09","date_gmt":"2021-12-13T19:47:09","guid":{"rendered":"https:\/\/diarioregionaldigital.com.br\/?p=192271"},"modified":"2021-12-13T16:47:09","modified_gmt":"2021-12-13T19:47:09","slug":"atletico-mg-goleia-e-coloca-mao-na-taca-da-copa-do-brasil","status":"publish","type":"post","link":"https:\/\/diarioregionaldigital.com.br\/?p=192271","title":{"rendered":"Atl\u00e9tico-MG goleia e coloca m\u00e3o na ta\u00e7a da Copa do Brasil"},"content":{"rendered":"<p>O Atl\u00e9tico-MG colocou uma das m\u00e3os no trof\u00e9u da Copa do Brasil ap\u00f3s golear o Athletico-PR por 4 a 0, na noite deste domingo (12) no est\u00e1dio do Mineir\u00e3o, na partida de ida da decis\u00e3o da competi\u00e7\u00e3o nacional.<img decoding=\"async\" src=\"https:\/\/agenciabrasil.ebc.com.br\/ebc.png?id=1431590&amp;o=node\" \/><img decoding=\"async\" src=\"https:\/\/agenciabrasil.ebc.com.br\/ebc.gif?id=1431590&amp;o=node\" \/><\/p>\n<p>Apoiado por mais de 53 mil torcedores, o Galo dominou a partida desde o apito inicial. Cuca armou sua equipe de forma a pressionar a sa\u00edda de bola do Furac\u00e3o, que teve muitas dificuldades de encontrar espa\u00e7os para criar alguma coisa.<\/p>\n<p>Mas o placar foi aberto em uma jogada de bola parada. Aos 20 minutos, o argentino Zaracho cruzou e a bola bateu no bra\u00e7o de L\u00e9o Cittadaini. O \u00e1rbitro ent\u00e3o assinalou p\u00eanalti, que foi cobrado com perfei\u00e7\u00e3o por Hulk, que ampliou sua lideran\u00e7a na artilharia na Copa do Brasil, agora com 7 gols.<\/p>\n<p>Mesmo com a vantagem a equipe mineira continuou ditando o ritmo do jogo. Assim, ampliou aos 34 minutos, quando Keno recebeu na intermedi\u00e1ria, se livrou da marca\u00e7\u00e3o e bateu da entrada da \u00e1rea colocado para vencer o goleiro Santos.<\/p>\n<p>Na etapa final o grande destaque foi o chileno Vargas, que entrou no lugar de Diego Costa ainda na etapa inicial. O atacante marcou o terceiro aos 10 minutos: Thiago Heleno errou a sa\u00edda de bola e permitiu o dom\u00ednio de Hulk, que foi \u00e0 linha de fundo e cruzou. Santos espalmou e a bola sobrou para o camisa 10 do Galo escorar com liberdade.<\/p>\n<p>O chileno voltou a brilhar aos 23 minutos, quando marcou o quarto ap\u00f3s passe de Nacho.<\/p>\n<p><strong>Partida de volta<\/strong><\/p>\n<p>A partida de volta ser\u00e1 na pr\u00f3xima quarta-feira (15), a partir das 21h30 (hor\u00e1rio de Bras\u00edlia), na Arena da Baixada, em Curitiba. Caso o placar agregado esteja empatado ap\u00f3s os 180 minutos, o t\u00edtulo ser\u00e1 decidido na cobran\u00e7a de p\u00eanaltis.<\/p>\n<p><span style=\"font-weight: 400;\">Fonte: Ag\u00eancia Brasil <\/span><\/p>\n","protected":false},"excerpt":{"rendered":"<p>O Atl\u00e9tico-MG colocou uma das m\u00e3os no trof\u00e9u da Copa do Brasil ap\u00f3s golear o Athletico-PR por 4 a 0, na noite deste domingo (12) no est\u00e1dio do Mineir\u00e3o, na partida de ida da decis\u00e3o da competi\u00e7\u00e3o nacional. Apoiado por mais de 53 mil torcedores, o Galo dominou a partida desde o apito inicial. Cuca [&hellip;]<\/p>\n","protected":false},"author":246,"featured_media":192272,"comment_status":"closed","ping_status":"closed","sticky":false,"template":"","format":"standard","meta":{"footnotes":""},"categories":[436,257,439],"tags":[],"class_list":["post-192271","post","type-post","status-publish","format-standard","has-post-thumbnail","hentry","category-destaque-da-semana","category-esporte","category-ultima-hora"],"_links":{"self":[{"href":"https:\/\/diarioregionaldigital.com.br\/index.php?rest_route=\/wp\/v2\/posts\/192271","targetHints":{"allow":["GET"]}}],"collection":[{"href":"https:\/\/diarioregionaldigital.com.br\/index.php?rest_route=\/wp\/v2\/posts"}],"about":[{"href":"https:\/\/diarioregionaldigital.com.br\/index.php?rest_route=\/wp\/v2\/types\/post"}],"author":[{"embeddable":true,"href":"https:\/\/diarioregionaldigital.com.br\/index.php?rest_route=\/wp\/v2\/users\/246"}],"replies":[{"embeddable":true,"href":"https:\/\/diarioregionaldigital.com.br\/index.php?rest_route=%2Fwp%2Fv2%2Fcomments&post=192271"}],"version-history":[{"count":1,"href":"https:\/\/diarioregionaldigital.com.br\/index.php?rest_route=\/wp\/v2\/posts\/192271\/revisions"}],"predecessor-version":[{"id":192273,"href":"https:\/\/diarioregionaldigital.com.br\/index.php?rest_route=\/wp\/v2\/posts\/192271\/revisions\/192273"}],"wp:featuredmedia":[{"embeddable":true,"href":"https:\/\/diarioregionaldigital.com.br\/index.php?rest_route=\/wp\/v2\/media\/192272"}],"wp:attachment":[{"href":"https:\/\/diarioregionaldigital.com.br\/index.php?rest_route=%2Fwp%2Fv2%2Fmedia&parent=192271"}],"wp:term":[{"taxonomy":"category","embeddable":true,"href":"https:\/\/diarioregionaldigital.com.br\/index.php?rest_route=%2Fwp%2Fv2%2Fcategories&post=192271"},{"taxonomy":"post_tag","embeddable":true,"href":"https:\/\/diarioregionaldigital.com.br\/index.php?rest_route=%2Fwp%2Fv2%2Ftags&post=192271"}],"curies":[{"name":"wp","href":"https:\/\/api.w.org\/{rel}","templated":true}]}}