{"id":192264,"date":"2021-12-13T16:37:16","date_gmt":"2021-12-13T19:37:16","guid":{"rendered":"https:\/\/diarioregionaldigital.com.br\/?p=192264"},"modified":"2021-12-13T16:37:16","modified_gmt":"2021-12-13T19:37:16","slug":"ccj-debate-projeto-que-flexibiliza-porte-de-armas-de-fogo-para-cacadores-e-colecionadores","status":"publish","type":"post","link":"https:\/\/diarioregionaldigital.com.br\/?p=192264","title":{"rendered":"CCJ debate projeto que flexibiliza porte de armas de fogo para ca\u00e7adores e colecionadores"},"content":{"rendered":"<p>A Comiss\u00e3o de Constitui\u00e7\u00e3o, Justi\u00e7a e Cidadania (CCJ) promove, na ter\u00e7a-feira (14), audi\u00eancia p\u00fablica interativa para debater o projeto de lei que flexibiliza registro, posse e comercializa\u00e7\u00e3o de armas de fogo (<a class=\"external-link\" title=\"\" href=\"http:\/\/www25.senado.leg.br\/web\/atividade\/materias\/-\/materia\/140042\" target=\"_self\" rel=\"noopener\">PL 3.723\/2019<\/a>).\u00a0 A reuni\u00e3o semipresencial tem in\u00edcio \u00e0s 10h na sala 2 da ala Nilo Coelho.<\/p>\n<p>Promessa de campanha do presidente Jair Bolsonaro, o PL 3.723\/19, de autoria do Poder Executivo, j\u00e1 foi aprovado pelos deputados e regulamenta a posse e o porte de armas de ca\u00e7adores, atiradores e colecionadores (grupo conhecido como CACs), al\u00e9m de mudar penas de crimes com armas de fogo, entre outros temas. O texto \u00e9 relatado pelo senador Marcos do Val (Podemos-ES).<\/p>\n<p>Durante a discuss\u00e3o da mat\u00e9ria na C\u00e2mara, os deputados promoveram altera\u00e7\u00f5es e amenizaram o texto encaminhado pelo governo. No substitutivo apresentado pelo deputado Alexandre Leite (DEM-SP), os parlamentares limitaram a abrang\u00eancia do projeto apenas a ca\u00e7adores, atiradores desportivos e colecionadores, retirando qualquer possibilidade de estender o porte e posse a outras categorias, como queria o Executivo.<\/p>\n<p>Outra mudan\u00e7a promovida pelos deputados estabeleceu que o atirador esportivo, maior de 25 anos, ter\u00e1 direito ao porte de\u00a0armas\u00a0somente depois de cinco anos da primeira emiss\u00e3o do certificado de registro.<\/p>\n<p>Devem participar do debate promovido pela CCJ a advogada e conselheira do F\u00f3rum Brasileiro de Seguran\u00e7a P\u00fablica (FBSP), Isabel Figueiredo; a assessora especial do Instituto Igarap\u00e9, Michele Gon\u00e7alves dos Ramos; e o empres\u00e1rio, instrutor de tiro e atleta Thyago Almeida Pignataro.<\/p>\n<p>A Comiss\u00e3o ainda aguarda a confirma\u00e7\u00e3o do gerente de Advocacia do Instituto Sou da Paz, Felippe Angeli; do procurador federal dos Direitos do Cidad\u00e3o, Carlos Alberto Vilhena; do presidente do Conselho Federal de Medicina (CFM), Mauro Luiz de Britto Ribeiro; do presidente da Associa\u00e7\u00e3o Brasileira de Psiquiatria, Ant\u00f4nio Geraldo da Silva; e do representante do Movimento Proarmas, Marcos Sborowski Pollon.<\/p>\n<p>Fonte: Ag\u00eancia Senado<\/p>\n","protected":false},"excerpt":{"rendered":"<p>A Comiss\u00e3o de Constitui\u00e7\u00e3o, Justi\u00e7a e Cidadania (CCJ) promove, na ter\u00e7a-feira (14), audi\u00eancia p\u00fablica interativa para debater o projeto de lei que flexibiliza registro, posse e comercializa\u00e7\u00e3o de armas de fogo (PL 3.723\/2019).\u00a0 A reuni\u00e3o semipresencial tem in\u00edcio \u00e0s 10h na sala 2 da ala Nilo Coelho. Promessa de campanha do presidente Jair Bolsonaro, o [&hellip;]<\/p>\n","protected":false},"author":246,"featured_media":192265,"comment_status":"closed","ping_status":"closed","sticky":false,"template":"","format":"standard","meta":{"footnotes":""},"categories":[436,254,439],"tags":[],"class_list":["post-192264","post","type-post","status-publish","format-standard","has-post-thumbnail","hentry","category-destaque-da-semana","category-politica","category-ultima-hora"],"_links":{"self":[{"href":"https:\/\/diarioregionaldigital.com.br\/index.php?rest_route=\/wp\/v2\/posts\/192264","targetHints":{"allow":["GET"]}}],"collection":[{"href":"https:\/\/diarioregionaldigital.com.br\/index.php?rest_route=\/wp\/v2\/posts"}],"about":[{"href":"https:\/\/diarioregionaldigital.com.br\/index.php?rest_route=\/wp\/v2\/types\/post"}],"author":[{"embeddable":true,"href":"https:\/\/diarioregionaldigital.com.br\/index.php?rest_route=\/wp\/v2\/users\/246"}],"replies":[{"embeddable":true,"href":"https:\/\/diarioregionaldigital.com.br\/index.php?rest_route=%2Fwp%2Fv2%2Fcomments&post=192264"}],"version-history":[{"count":1,"href":"https:\/\/diarioregionaldigital.com.br\/index.php?rest_route=\/wp\/v2\/posts\/192264\/revisions"}],"predecessor-version":[{"id":192266,"href":"https:\/\/diarioregionaldigital.com.br\/index.php?rest_route=\/wp\/v2\/posts\/192264\/revisions\/192266"}],"wp:featuredmedia":[{"embeddable":true,"href":"https:\/\/diarioregionaldigital.com.br\/index.php?rest_route=\/wp\/v2\/media\/192265"}],"wp:attachment":[{"href":"https:\/\/diarioregionaldigital.com.br\/index.php?rest_route=%2Fwp%2Fv2%2Fmedia&parent=192264"}],"wp:term":[{"taxonomy":"category","embeddable":true,"href":"https:\/\/diarioregionaldigital.com.br\/index.php?rest_route=%2Fwp%2Fv2%2Fcategories&post=192264"},{"taxonomy":"post_tag","embeddable":true,"href":"https:\/\/diarioregionaldigital.com.br\/index.php?rest_route=%2Fwp%2Fv2%2Ftags&post=192264"}],"curies":[{"name":"wp","href":"https:\/\/api.w.org\/{rel}","templated":true}]}}