{"id":192255,"date":"2021-12-13T16:31:10","date_gmt":"2021-12-13T19:31:10","guid":{"rendered":"https:\/\/diarioregionaldigital.com.br\/?p=192255"},"modified":"2021-12-13T16:31:10","modified_gmt":"2021-12-13T19:31:10","slug":"plenario-vota-nesta-terca-a-mp-do-milho-e-decide-indicacao-para-o-tcu","status":"publish","type":"post","link":"https:\/\/diarioregionaldigital.com.br\/?p=192255","title":{"rendered":"Plen\u00e1rio vota nesta ter\u00e7a a MP do Milho e decide indica\u00e7\u00e3o para o TCU"},"content":{"rendered":"<p>No primeiro dia do esfor\u00e7o concentrado, o Senado vota, na ter\u00e7a-feira (14), \u00e0s 16h, a medida provis\u00f3ria que reformula o Programa de Venda em Balc\u00e3o (ProVB), da Companhia Nacional de Abastecimento (Conab), para promover o acesso do pequeno criador de animais ao estoque p\u00fablico de milho. O Plen\u00e1rio tamb\u00e9m vai decidir quem ser\u00e1 o pr\u00f3ximo ministro do Tribunal de Contas da Uni\u00e3o (TCU) na vaga aberta com <a href=\"https:\/\/www12.senado.leg.br\/noticias\/materias\/2021\/12\/13\/10\/11\/30\/senado-aprova-raimundo-carreiro-para-embaixada-em-portugal\">a sa\u00edda de Raimundo Carreiro<\/a>, que foi escolhido para a Embaixada do Brasil em Lisboa. Tr\u00eas senadores concorrem \u00e0 vaga: Antonio Anastasia (PSD-MG), K\u00e1tia Abreu (PP-TO) e Fernando Bezerra Coelho (MDB-PE).\u00a0 Outros projetos e indica\u00e7\u00f5es ainda podem ser inclu\u00eddos pelo presidente do Senado, Rodrigo Pacheco, na pauta do Plen\u00e1rio.<\/p>\n<p>J\u00e1 aprovada pela C\u00e2mara dos Deputados na forma de um projeto de lei de convers\u00e3o, a <a href=\"https:\/\/www.camara.leg.br\/proposicoesWeb\/fichadetramitacao?idProposicao=2294713\">MP 1.064\/2021<\/a> promove mudan\u00e7as no ProVB, programa criado inicialmente para permitir o acesso de criadores de animais, pequenos consumidores, varejistas e institui\u00e7\u00f5es p\u00fablicas e privadas (prefeituras, universidades, escolas t\u00e9cnicas e centros de pesquisa) aos estoques p\u00fablicos de gr\u00e3os. O programa, at\u00e9 ent\u00e3o, podia realizar opera\u00e7\u00f5es em todo o territ\u00f3rio nacional com produtos como arroz, trigo, castanha de caju, feij\u00e3o e farinha de mandioca.<\/p>\n<p>Mas, com a redu\u00e7\u00e3o dos volumes de estoques p\u00fablicos e a falta de demanda de parte dos atuais benefici\u00e1rios, o governo prop\u00f4s, por meio dessa MP, a redu\u00e7\u00e3o da lista do ProVB, com a manuten\u00e7\u00e3o de fornecimento de milho aos pequenos criadores em diversos estados.<\/p>\n<p>Outra diretriz da medida \u00e9 corrigir a fragilidade legal do programa, regulamentado por portarias interministeriais, pass\u00edveis de questionamentos por parte de \u00f3rg\u00e3os de controle.<\/p>\n<p>O senador Luis Carlos Heinze (PP-RS) \u00e9 o relator da proposta, cujo prazo se encerra na quarta-feira (15).<\/p>\n<p><strong>TCU<\/strong><\/p>\n<p>Antes da vota\u00e7\u00e3o em Plen\u00e1rio, os indicados para o cargo de ministro do TCU passam por sabatina na Comiss\u00e3o de Assuntos Econ\u00f4micos (CAE). A reuni\u00e3o est\u00e1 marcada para as 9h desta ter\u00e7a-feira.<\/p>\n<p>O Projeto de Decreto Legislativo (PDL) 1.118\/2021 trata da indica\u00e7\u00e3o do senador Antonio Anastasia. O texto \u00e9 de Nelsinho Trad (PSD-MS), l\u00edder do partido na Casa, e ser\u00e1 relatado por Cid Gomes (PDT-CE).<\/p>\n<p>A indica\u00e7\u00e3o de K\u00e1tia Abreu \u00e9 defendida no PDL 1.119\/2021, apresentado pela l\u00edder do PP no Senado, Daniella Ribeiro (PB), e que ter\u00e1 relatoria de Oriovisto Guimar\u00e3es (Podemos-PR).<\/p>\n<p>O l\u00edder do governo no Senado, Fernando Bezerra Coelho, \u00e9 o outro indicado ao TCU. O projeto que apresenta o seu nome \u00e9 o PDL 1.120\/2021, do l\u00edder do MDB no Senado, Eduardo Braga (AM). A relatoria caber\u00e1 a Eduardo Gomes (MDB-TO).<\/p>\n<p>O presidente da CAE, senador Otto Alencar (PSD-BA), disse que a expectativa \u00e9 sabatinar os tr\u00eas indicados na mesma reuni\u00e3o. Segundo Otto, a escolha entre um dos tr\u00eas nomes \u00e9 um exemplo de democracia.<\/p>\n<p>\u2014 \u00c9 natural que dentro do regime democr\u00e1tico possa se escolher pelo voto secreto. \u00c9 nossa democracia em marcha \u2014 afirmou Otto.<\/p>\n<p>Fonte: Ag\u00eancia Senado<\/p>\n","protected":false},"excerpt":{"rendered":"<p>No primeiro dia do esfor\u00e7o concentrado, o Senado vota, na ter\u00e7a-feira (14), \u00e0s 16h, a medida provis\u00f3ria que reformula o Programa de Venda em Balc\u00e3o (ProVB), da Companhia Nacional de Abastecimento (Conab), para promover o acesso do pequeno criador de animais ao estoque p\u00fablico de milho. O Plen\u00e1rio tamb\u00e9m vai decidir quem ser\u00e1 o pr\u00f3ximo [&hellip;]<\/p>\n","protected":false},"author":246,"featured_media":192256,"comment_status":"closed","ping_status":"closed","sticky":false,"template":"","format":"standard","meta":{"footnotes":""},"categories":[436,440,254,439],"tags":[],"class_list":["post-192255","post","type-post","status-publish","format-standard","has-post-thumbnail","hentry","category-destaque-da-semana","category-destaques-do-dia","category-politica","category-ultima-hora"],"_links":{"self":[{"href":"https:\/\/diarioregionaldigital.com.br\/index.php?rest_route=\/wp\/v2\/posts\/192255","targetHints":{"allow":["GET"]}}],"collection":[{"href":"https:\/\/diarioregionaldigital.com.br\/index.php?rest_route=\/wp\/v2\/posts"}],"about":[{"href":"https:\/\/diarioregionaldigital.com.br\/index.php?rest_route=\/wp\/v2\/types\/post"}],"author":[{"embeddable":true,"href":"https:\/\/diarioregionaldigital.com.br\/index.php?rest_route=\/wp\/v2\/users\/246"}],"replies":[{"embeddable":true,"href":"https:\/\/diarioregionaldigital.com.br\/index.php?rest_route=%2Fwp%2Fv2%2Fcomments&post=192255"}],"version-history":[{"count":1,"href":"https:\/\/diarioregionaldigital.com.br\/index.php?rest_route=\/wp\/v2\/posts\/192255\/revisions"}],"predecessor-version":[{"id":192257,"href":"https:\/\/diarioregionaldigital.com.br\/index.php?rest_route=\/wp\/v2\/posts\/192255\/revisions\/192257"}],"wp:featuredmedia":[{"embeddable":true,"href":"https:\/\/diarioregionaldigital.com.br\/index.php?rest_route=\/wp\/v2\/media\/192256"}],"wp:attachment":[{"href":"https:\/\/diarioregionaldigital.com.br\/index.php?rest_route=%2Fwp%2Fv2%2Fmedia&parent=192255"}],"wp:term":[{"taxonomy":"category","embeddable":true,"href":"https:\/\/diarioregionaldigital.com.br\/index.php?rest_route=%2Fwp%2Fv2%2Fcategories&post=192255"},{"taxonomy":"post_tag","embeddable":true,"href":"https:\/\/diarioregionaldigital.com.br\/index.php?rest_route=%2Fwp%2Fv2%2Ftags&post=192255"}],"curies":[{"name":"wp","href":"https:\/\/api.w.org\/{rel}","templated":true}]}}