{"id":192252,"date":"2021-12-13T16:24:43","date_gmt":"2021-12-13T19:24:43","guid":{"rendered":"https:\/\/diarioregionaldigital.com.br\/?p=192252"},"modified":"2021-12-13T16:24:43","modified_gmt":"2021-12-13T19:24:43","slug":"ibge-reafirma-confianca-no-orcamento-de-r-2292-bi-para-censo-2022","status":"publish","type":"post","link":"https:\/\/diarioregionaldigital.com.br\/?p=192252","title":{"rendered":"IBGE reafirma confian\u00e7a no or\u00e7amento de R$ 2,292 bi para Censo 2022"},"content":{"rendered":"<p>O Instituto Brasileiro de Geografia e Estat\u00edstica (IBGE) reiterou hoje (13) que o or\u00e7amento necess\u00e1rio, vi\u00e1vel, para a realiza\u00e7\u00e3o do Censo Demogr\u00e1fico 2022, \u00e9 de R$ 2.292.907.087,00, sendo R$ 2 bilh\u00f5es j\u00e1 registrados no Projeto de Lei Or\u00e7ament\u00e1ria de 2022 (PLOA 2022) e mais R$ 292.907.087,00 autorizados pela Secretaria Especial do Tesouro e Or\u00e7amento.<img decoding=\"async\" src=\"https:\/\/agenciabrasil.ebc.com.br\/ebc.png?id=1431635&amp;o=node\" \/><img decoding=\"async\" src=\"https:\/\/agenciabrasil.ebc.com.br\/ebc.gif?id=1431635&amp;o=node\" \/><\/p>\n<p>Segundo a nota divulgada pelo IBGE, esses R$ 292.907.087,00 complementares sair\u00e3o do Fundo de Garantia \u00e0 Exporta\u00e7\u00e3o, supervisionado pelo Minist\u00e9rio da Economia.<\/p>\n<p>\u201cA determina\u00e7\u00e3o do Supremo Tribunal Federal (STF) e o aceite do Minist\u00e9rio da Economia permitem ao IBGE e \u00e0 sociedade brasileira plena confian\u00e7a na Comiss\u00e3o Mista Or\u00e7ament\u00e1ria, no \u00e2mbito do Legislativo, em harmonia com os demais Poderes\u201d, informou o comunicado.<\/p>\n<p>\u201cDe tal sorte, o IBGE segue trabalhando em todo o pa\u00eds nas v\u00e1rias etapas operacionais preparat\u00f3rias para entregar \u00e0 sociedade brasileira um Censo Demogr\u00e1fico com qualidade t\u00e9cnica e cobertura em conformidade com a credibilidade e a reputa\u00e7\u00e3o que o instituto construiu ao longo de seus 85 anos\u201d, acrescentou.<\/p>\n<p><strong>Teste nacional<\/strong><\/p>\n<p>No dia 4 de novembro, o IBGE iniciou o primeiro\u00a0<a href=\"https:\/\/agenciabrasil.ebc.com.br\/economia\/noticia\/2021-11\/ibge-comeca-teste-nacional-para-o-censo-2022\" target=\"_blank\" rel=\"noopener\">teste nacional<\/a>\u00a0do Censo 2022. Foram escolhidos munic\u00edpios, bairros, distritos ou comunidades nas 27 unidades da Federa\u00e7\u00e3o, que ser\u00e3o percorridos por cerca de 250 recenseadores.<\/p>\n<p>Os testes incluem todas as etapas do Censo, desde os sistemas e equipamentos de coleta at\u00e9 o treinamento dos recenseadores, al\u00e9m da pesquisa sobre as caracter\u00edsticas do entorno dos domic\u00edlios e o modelo misto de entrevistas (presencial, pela internet ou por telefone).<\/p>\n<p>Segundo o \u00f3rg\u00e3o, como ocorre em todas as pesquisas do IBGE, as informa\u00e7\u00f5es prestadas aos recenseadores s\u00e3o confidenciais e o sigilo \u00e9 garantido por lei. O Censo 2022 visitar\u00e1 todos os domic\u00edlios do pa\u00eds a partir de junho do ano que vem.<\/p>\n<p><span style=\"font-weight: 400;\">Fonte: Ag\u00eancia Brasil <\/span><\/p>\n","protected":false},"excerpt":{"rendered":"<p>O Instituto Brasileiro de Geografia e Estat\u00edstica (IBGE) reiterou hoje (13) que o or\u00e7amento necess\u00e1rio, vi\u00e1vel, para a realiza\u00e7\u00e3o do Censo Demogr\u00e1fico 2022, \u00e9 de R$ 2.292.907.087,00, sendo R$ 2 bilh\u00f5es j\u00e1 registrados no Projeto de Lei Or\u00e7ament\u00e1ria de 2022 (PLOA 2022) e mais R$ 292.907.087,00 autorizados pela Secretaria Especial do Tesouro e Or\u00e7amento. Segundo [&hellip;]<\/p>\n","protected":false},"author":246,"featured_media":192253,"comment_status":"closed","ping_status":"closed","sticky":false,"template":"","format":"standard","meta":{"footnotes":""},"categories":[436,261,439],"tags":[],"class_list":["post-192252","post","type-post","status-publish","format-standard","has-post-thumbnail","hentry","category-destaque-da-semana","category-economia","category-ultima-hora"],"_links":{"self":[{"href":"https:\/\/diarioregionaldigital.com.br\/index.php?rest_route=\/wp\/v2\/posts\/192252","targetHints":{"allow":["GET"]}}],"collection":[{"href":"https:\/\/diarioregionaldigital.com.br\/index.php?rest_route=\/wp\/v2\/posts"}],"about":[{"href":"https:\/\/diarioregionaldigital.com.br\/index.php?rest_route=\/wp\/v2\/types\/post"}],"author":[{"embeddable":true,"href":"https:\/\/diarioregionaldigital.com.br\/index.php?rest_route=\/wp\/v2\/users\/246"}],"replies":[{"embeddable":true,"href":"https:\/\/diarioregionaldigital.com.br\/index.php?rest_route=%2Fwp%2Fv2%2Fcomments&post=192252"}],"version-history":[{"count":1,"href":"https:\/\/diarioregionaldigital.com.br\/index.php?rest_route=\/wp\/v2\/posts\/192252\/revisions"}],"predecessor-version":[{"id":192254,"href":"https:\/\/diarioregionaldigital.com.br\/index.php?rest_route=\/wp\/v2\/posts\/192252\/revisions\/192254"}],"wp:featuredmedia":[{"embeddable":true,"href":"https:\/\/diarioregionaldigital.com.br\/index.php?rest_route=\/wp\/v2\/media\/192253"}],"wp:attachment":[{"href":"https:\/\/diarioregionaldigital.com.br\/index.php?rest_route=%2Fwp%2Fv2%2Fmedia&parent=192252"}],"wp:term":[{"taxonomy":"category","embeddable":true,"href":"https:\/\/diarioregionaldigital.com.br\/index.php?rest_route=%2Fwp%2Fv2%2Fcategories&post=192252"},{"taxonomy":"post_tag","embeddable":true,"href":"https:\/\/diarioregionaldigital.com.br\/index.php?rest_route=%2Fwp%2Fv2%2Ftags&post=192252"}],"curies":[{"name":"wp","href":"https:\/\/api.w.org\/{rel}","templated":true}]}}