{"id":192249,"date":"2021-12-13T16:22:05","date_gmt":"2021-12-13T19:22:05","guid":{"rendered":"https:\/\/diarioregionaldigital.com.br\/?p=192249"},"modified":"2021-12-13T16:22:05","modified_gmt":"2021-12-13T19:22:05","slug":"banco-central-mercado-financeiro-estima-inflacao-em-1005-este-ano","status":"publish","type":"post","link":"https:\/\/diarioregionaldigital.com.br\/?p=192249","title":{"rendered":"Banco Central: mercado financeiro estima infla\u00e7\u00e3o em 10,05% este ano"},"content":{"rendered":"<p>A previs\u00e3o do mercado financeiro para o \u00cdndice Nacional de Pre\u00e7os ao Consumidor Amplo (IPCA), considerada a infla\u00e7\u00e3o oficial do pa\u00eds, diminuiu de 10,18% para 10,05 neste ano. Essa \u00e9 a primeira redu\u00e7\u00e3o depois de 35 semanas consecutivas de alta.<img decoding=\"async\" src=\"https:\/\/agenciabrasil.ebc.com.br\/ebc.png?id=1431647&amp;o=node\" \/><img decoding=\"async\" src=\"https:\/\/agenciabrasil.ebc.com.br\/ebc.gif?id=1431647&amp;o=node\" \/><\/p>\n<p>A estimativa est\u00e1 no\u00a0<em>Boletim Focus<\/em>\u00a0desta segunda-feira (13), pesquisa divulgada semanalmente pelo Banco Central (BC), em Bras\u00edlia, com a expectativa das institui\u00e7\u00f5es para os principais indicadores econ\u00f4micos.<\/p>\n<p>Para 2022, a estimativa de infla\u00e7\u00e3o, do\u00a0<em>Focus<\/em>, manteve-se em 5,02%. Para 2023, a previs\u00e3o apresentou uma redu\u00e7\u00e3o de 3,50% para 3,46%. Em 2024 registrou uma pequena varia\u00e7\u00e3o de 3,10%, para 3,09%.<\/p>\n<p>A previs\u00e3o para 2021 est\u00e1 acima da meta de infla\u00e7\u00e3o que deve ser perseguida pelo BC. A meta, definida pelo Conselho Monet\u00e1rio Nacional (CMN), \u00e9 de 3,75% para este ano, com intervalo de toler\u00e2ncia de 1,5 ponto percentual para cima ou para baixo. Ou seja, o limite inferior \u00e9 2,25% e o superior de 5,25%. Para 2022 e 2023, as metas s\u00e3o 3,5% e 3,25%, respectivamente, tamb\u00e9m com intervalo de toler\u00e2ncia 1,5 ponto percentual.<\/p>\n<p><strong>Taxa de juros<\/strong><\/p>\n<p>Para alcan\u00e7ar a meta de infla\u00e7\u00e3o, o Banco Central usa como principal instrumento a taxa b\u00e1sica de juros, a Selic, definida em 9,25% ao ano pelo Comit\u00ea de Pol\u00edtica Monet\u00e1ria (Copom), na \u00faltima reuni\u00e3o do Copom deste ano, realizada na semana passada.<\/p>\n<p>Para o fim de 2022, a estimativa \u00e9 de que a taxa b\u00e1sica chegue a 11,50% ao ano (na semana passada a estimativa era de 11,25%). E para 2023 e 2024, a previs\u00e3o \u00e9 de Selic em 8% ao ano e 7% ao ano, respectivamente.<\/p>\n<p>Quando o Copom aumenta a taxa b\u00e1sica de juros, a finalidade \u00e9 conter a demanda aquecida, e isso causa reflexos nos pre\u00e7os porque os juros mais altos encarecem o cr\u00e9dito e estimulam a poupan\u00e7a. Al\u00e9m disso, os bancos consideram outros fatores na hora de definir os juros cobrados dos consumidores, como risco de inadimpl\u00eancia, lucro e despesas administrativas.<\/p>\n<p>Quando o Copom reduz a Selic, a tend\u00eancia \u00e9 de que o cr\u00e9dito fique mais barato, com incentivo \u00e0 produ\u00e7\u00e3o e ao consumo, reduzindo o controle da infla\u00e7\u00e3o e estimulando a atividade econ\u00f4mica.<\/p>\n<p><strong>PIB e c\u00e2mbio<\/strong><\/p>\n<p>As institui\u00e7\u00f5es financeiras consultadas pelo BC reduziram a proje\u00e7\u00e3o para o crescimento da economia brasileira este ano de 4,71% para 4,65%. Para 2022, a expectativa para o Produto Interno Bruto (PIB) &#8211; a soma de todos os bens e servi\u00e7os produzidos no pa\u00eds &#8211; \u00e9 de crescimento de 0,50%. Na semana passada, a estimativa de expans\u00e3o era de 0,51%. Em 2023 e 2024 o mercado financeiro projeta expans\u00e3o do PIB de 1,90% e 2%, respectivamente.<\/p>\n<p>A expectativa para a cota\u00e7\u00e3o do d\u00f3lar para o fim deste ano subiu de R$ 5,56 para R$ 5,59. Para o fim de 2022, a previs\u00e3o permanece em R$ 5,55.<\/p>\n<p><span style=\"font-weight: 400;\"><br \/>\n<\/span><span style=\"font-weight: 400;\">Fonte: Ag\u00eancia Brasil <\/span><\/p>\n","protected":false},"excerpt":{"rendered":"<p>A previs\u00e3o do mercado financeiro para o \u00cdndice Nacional de Pre\u00e7os ao Consumidor Amplo (IPCA), considerada a infla\u00e7\u00e3o oficial do pa\u00eds, diminuiu de 10,18% para 10,05 neste ano. Essa \u00e9 a primeira redu\u00e7\u00e3o depois de 35 semanas consecutivas de alta. A estimativa est\u00e1 no\u00a0Boletim Focus\u00a0desta segunda-feira (13), pesquisa divulgada semanalmente pelo Banco Central (BC), em [&hellip;]<\/p>\n","protected":false},"author":246,"featured_media":192250,"comment_status":"closed","ping_status":"closed","sticky":false,"template":"","format":"standard","meta":{"footnotes":""},"categories":[436,261,439],"tags":[],"class_list":["post-192249","post","type-post","status-publish","format-standard","has-post-thumbnail","hentry","category-destaque-da-semana","category-economia","category-ultima-hora"],"_links":{"self":[{"href":"https:\/\/diarioregionaldigital.com.br\/index.php?rest_route=\/wp\/v2\/posts\/192249","targetHints":{"allow":["GET"]}}],"collection":[{"href":"https:\/\/diarioregionaldigital.com.br\/index.php?rest_route=\/wp\/v2\/posts"}],"about":[{"href":"https:\/\/diarioregionaldigital.com.br\/index.php?rest_route=\/wp\/v2\/types\/post"}],"author":[{"embeddable":true,"href":"https:\/\/diarioregionaldigital.com.br\/index.php?rest_route=\/wp\/v2\/users\/246"}],"replies":[{"embeddable":true,"href":"https:\/\/diarioregionaldigital.com.br\/index.php?rest_route=%2Fwp%2Fv2%2Fcomments&post=192249"}],"version-history":[{"count":1,"href":"https:\/\/diarioregionaldigital.com.br\/index.php?rest_route=\/wp\/v2\/posts\/192249\/revisions"}],"predecessor-version":[{"id":192251,"href":"https:\/\/diarioregionaldigital.com.br\/index.php?rest_route=\/wp\/v2\/posts\/192249\/revisions\/192251"}],"wp:featuredmedia":[{"embeddable":true,"href":"https:\/\/diarioregionaldigital.com.br\/index.php?rest_route=\/wp\/v2\/media\/192250"}],"wp:attachment":[{"href":"https:\/\/diarioregionaldigital.com.br\/index.php?rest_route=%2Fwp%2Fv2%2Fmedia&parent=192249"}],"wp:term":[{"taxonomy":"category","embeddable":true,"href":"https:\/\/diarioregionaldigital.com.br\/index.php?rest_route=%2Fwp%2Fv2%2Fcategories&post=192249"},{"taxonomy":"post_tag","embeddable":true,"href":"https:\/\/diarioregionaldigital.com.br\/index.php?rest_route=%2Fwp%2Fv2%2Ftags&post=192249"}],"curies":[{"name":"wp","href":"https:\/\/api.w.org\/{rel}","templated":true}]}}