{"id":192230,"date":"2021-12-10T17:34:01","date_gmt":"2021-12-10T20:34:01","guid":{"rendered":"https:\/\/diarioregionaldigital.com.br\/?p=192230"},"modified":"2021-12-10T17:34:01","modified_gmt":"2021-12-10T20:34:01","slug":"prefeita-lanca-editais-de-concurso-publico-da-educacao-com-630-vagas","status":"publish","type":"post","link":"https:\/\/diarioregionaldigital.com.br\/?p=192230","title":{"rendered":"Prefeita lan\u00e7a editais de concurso p\u00fablico da educa\u00e7\u00e3o com 630 vagas"},"content":{"rendered":"<p>O concurso p\u00fablico para cargos do Magist\u00e9rio \u00e9 realidade. A prefeita de Juiz de Fora Margarida Salom\u00e3o assinou, nesta sexta-feira, 10, os quatro editais do certame. Aguardado por profissionais da educa\u00e7\u00e3o desde 2008, ano do \u00faltimo edital de concurso para a \u00e1rea na Prefeitura de Juiz de Fora (PJF), s\u00e3o 630 vagas previstas, distribu\u00eddas para os cargos de professor, coordenador pedag\u00f3gico e secret\u00e1rio escolar. Os quatro editais ser\u00e3o publicados no Di\u00e1rio Oficial Eletr\u00f4nico do Munic\u00edpio (Atos do Governo) deste s\u00e1bado, 11, e tamb\u00e9m no site oficial da organizadora do concurso.<\/p>\n<p>Segundo informa\u00e7\u00f5es do site da Prefeitura de Juiz de Fora, a assinatura dos editais reuniu, al\u00e9m da prefeita, os secret\u00e1rios de Recursos Humanos, Rog\u00e9rio de Freitas, e de Educa\u00e7\u00e3o, N\u00e1dia Ribas, al\u00e9m dos membros da Comiss\u00e3o respons\u00e1vel pela coordena\u00e7\u00e3o e fiscaliza\u00e7\u00e3o do concurso p\u00fablico.<\/p>\n<p>A chefe do Executivo Municipal destacou a import\u00e2ncia do concurso, citando o considerado grande certame da PJF, na d\u00e9cada de 80, quando foi secret\u00e1ria de Administra\u00e7\u00e3o do Munic\u00edpio, refor\u00e7ando que \u201cfazer um concurso \u00e9 uma tarefa gigantesca. Este concurso especialmente era uma forte demanda da \u00e1rea de educa\u00e7\u00e3o em Juiz de Fora. N\u00e3o h\u00e1 condi\u00e7\u00f5es de avan\u00e7ar na qualidade da educa\u00e7\u00e3o oferecida se voc\u00ea n\u00e3o tiver uma profissionaliza\u00e7\u00e3o dos trabalhadores da educa\u00e7\u00e3o. Se n\u00e3o houver um processo sistem\u00e1tico de recrutamento, se n\u00e3o houver carreira, pol\u00edticas p\u00fablicas que excedam essas situa\u00e7\u00f5es conjunturais, nunca vamos ter de fato a constru\u00e7\u00e3o da pedagogia com a qual todos sonhamos\u201d.<\/p>\n<p>Margarida destacou, ainda, que, \u201cao lan\u00e7ar esse concurso, n\u00f3s n\u00e3o apenas estamos zelando pelos direitos das trabalhadoras e dos trabalhadores no munic\u00edpio na \u00e1rea da educa\u00e7\u00e3o, n\u00f3s estamos fazendo um grande investimento na qualidade da educa\u00e7\u00e3o oferecida em Juiz de Fora. A maioria das crian\u00e7as em Juiz de Fora na educa\u00e7\u00e3o fundamental, na educa\u00e7\u00e3o infantil, estudam em escolas municipais. Ent\u00e3o, evidentemente, se fazermos um esfor\u00e7o como esse, na dire\u00e7\u00e3o da educa\u00e7\u00e3o municipal, estamos melhorando toda a educa\u00e7\u00e3o no munic\u00edpio.\u201d<\/p>\n<p>O secret\u00e1rio de Recursos Humanos, Rog\u00e9rio de Freitas, agradeceu pelo empenho da comiss\u00e3o respons\u00e1vel por acompanhar a execu\u00e7\u00e3o do concurso e enfatizou o momento hist\u00f3rico com o lan\u00e7amento dos editais. \u201cEstamos fazendo hoje uma entrega important\u00edssima para a cidade, algo desejado h\u00e1 muitos anos e hoje finalmente est\u00e1 se materializando que \u00e9 esse grande concurso do magist\u00e9rio. Ser\u00e1 um dos maiores concursos que a prefeitura j\u00e1 fez na sua hist\u00f3ria, com um plano de carreira reconhecido que deve atrair candidatos de fora da cidade, inclusive\u201d.<\/p>\n<p>Para a secret\u00e1ria de Educa\u00e7\u00e3o, N\u00e1dia Ribas, \u201choje \u00e9 um dia muito importante na nossa cidade. Um dia de alegria, de comemora\u00e7\u00e3o, muito desejado h\u00e1 um bom tempo. A gente sabe que concurso \u00e9 a base inicial importante para que a gente garanta uma escola de qualidade, profissionais valorizados, ent\u00e3o o que foi promessa de campanha da prefeita Margarida, a gente concretiza com o lan\u00e7amento do edital.\u201d<\/p>\n<p><b>Os editais<\/b><\/p>\n<p>O edital 01\/2021 definir\u00e1 as diretrizes para o cargo de Professor Regente A (PR-A), com a previs\u00e3o de 343 vagas. J\u00e1 o edital 02\/2021 estabelece as normas para o cargo de Professor Regente B (PR-B). Ser\u00e3o 248 neste edital, distribu\u00eddas para as \u00e1reas de arte, ci\u00eancias, dan\u00e7a, educa\u00e7\u00e3o f\u00edsica, geografia, hist\u00f3ria, ingl\u00eas, matem\u00e1tica, l\u00edngua portuguesa, libras, m\u00fasica e teatro. O edital 03\/2021 define 34 vagas para coordenador pedag\u00f3gico e o edital 04\/2021 estabelece 5 vagas para secret\u00e1rio escolar.<\/p>\n<p>As inscri\u00e7\u00f5es poder\u00e3o ser realizadas das 14h do dia 14 de mar\u00e7o de 2022 at\u00e9 as 16h de 18 de abril. As primeiras provas, que ser\u00e3o as de m\u00faltipla escolha, ser\u00e3o realizadas em 22 e 29 de maio, conforme o edital. O valor das inscri\u00e7\u00f5es varia de R$ 80, para os cargos de professor regente A e secret\u00e1rio escolar, a R$ 100, para professor regente B e coordenador pedag\u00f3gico. Os editais preveem a realiza\u00e7\u00e3o de quatro etapas: prova objetiva de m\u00faltipla escolha, prova discursiva, prova pr\u00e1tica e avalia\u00e7\u00e3o de t\u00edtulos.<\/p>\n<p><b>A empresa<\/b><\/p>\n<p>Instalada em Muria\u00e9 (MG), a Consulplan executa seus processos em todo o pa\u00eds. \u00c9 a \u00fanica, dentre as grandes organizadoras, a atender todos os tipos de \u00f3rg\u00e3os, desde Prefeituras e C\u00e2maras Municipais, conselhos regionais, governos estaduais at\u00e9 as organiza\u00e7\u00f5es de \u00e2mbito nacional. A Consulplan j\u00e1 aplicou provas para mais de 15 milh\u00f5es de brasileiros e j\u00e1 atuou em todos os munic\u00edpios do Brasil. Entre seus clientes destacam-se o IBGE, Embrapa, Minist\u00e9rio da Defesa (Aeron\u00e1utica), Minist\u00e9rio da Educa\u00e7\u00e3o (Inep), TSE, Minist\u00e9rio P\u00fablico de Minas Gerais, Codevasf, Chesf, entre outros.<\/p>\n","protected":false},"excerpt":{"rendered":"<p>O concurso p\u00fablico para cargos do Magist\u00e9rio \u00e9 realidade. A prefeita de Juiz de Fora Margarida Salom\u00e3o assinou, nesta sexta-feira, 10, os quatro editais do certame. Aguardado por profissionais da educa\u00e7\u00e3o desde 2008, ano do \u00faltimo edital de concurso para a \u00e1rea na Prefeitura de Juiz de Fora (PJF), s\u00e3o 630 vagas previstas, distribu\u00eddas para [&hellip;]<\/p>\n","protected":false},"author":246,"featured_media":192231,"comment_status":"closed","ping_status":"closed","sticky":false,"template":"","format":"standard","meta":{"footnotes":""},"categories":[253,436,439],"tags":[],"class_list":["post-192230","post","type-post","status-publish","format-standard","has-post-thumbnail","hentry","category-cidade","category-destaque-da-semana","category-ultima-hora"],"_links":{"self":[{"href":"https:\/\/diarioregionaldigital.com.br\/index.php?rest_route=\/wp\/v2\/posts\/192230","targetHints":{"allow":["GET"]}}],"collection":[{"href":"https:\/\/diarioregionaldigital.com.br\/index.php?rest_route=\/wp\/v2\/posts"}],"about":[{"href":"https:\/\/diarioregionaldigital.com.br\/index.php?rest_route=\/wp\/v2\/types\/post"}],"author":[{"embeddable":true,"href":"https:\/\/diarioregionaldigital.com.br\/index.php?rest_route=\/wp\/v2\/users\/246"}],"replies":[{"embeddable":true,"href":"https:\/\/diarioregionaldigital.com.br\/index.php?rest_route=%2Fwp%2Fv2%2Fcomments&post=192230"}],"version-history":[{"count":1,"href":"https:\/\/diarioregionaldigital.com.br\/index.php?rest_route=\/wp\/v2\/posts\/192230\/revisions"}],"predecessor-version":[{"id":192232,"href":"https:\/\/diarioregionaldigital.com.br\/index.php?rest_route=\/wp\/v2\/posts\/192230\/revisions\/192232"}],"wp:featuredmedia":[{"embeddable":true,"href":"https:\/\/diarioregionaldigital.com.br\/index.php?rest_route=\/wp\/v2\/media\/192231"}],"wp:attachment":[{"href":"https:\/\/diarioregionaldigital.com.br\/index.php?rest_route=%2Fwp%2Fv2%2Fmedia&parent=192230"}],"wp:term":[{"taxonomy":"category","embeddable":true,"href":"https:\/\/diarioregionaldigital.com.br\/index.php?rest_route=%2Fwp%2Fv2%2Fcategories&post=192230"},{"taxonomy":"post_tag","embeddable":true,"href":"https:\/\/diarioregionaldigital.com.br\/index.php?rest_route=%2Fwp%2Fv2%2Ftags&post=192230"}],"curies":[{"name":"wp","href":"https:\/\/api.w.org\/{rel}","templated":true}]}}