{"id":192227,"date":"2021-12-10T17:30:12","date_gmt":"2021-12-10T20:30:12","guid":{"rendered":"https:\/\/diarioregionaldigital.com.br\/?p=192227"},"modified":"2021-12-10T17:30:12","modified_gmt":"2021-12-10T20:30:12","slug":"rua-olimpio-reis-e-interditada-devido-a-obra-emergencial-da-cesama","status":"publish","type":"post","link":"https:\/\/diarioregionaldigital.com.br\/?p=192227","title":{"rendered":"Rua Olimpio Reis \u00e9 interditada devido \u00e0 obra emergencial da Cesama"},"content":{"rendered":"<p>No trecho entre a Rua Bar\u00e3o de Cataguases e a Travessa Jos\u00e9 Iscold, a Rua Olimpio Reis est\u00e1 totalmente interditada nesta sexta-feira, 10, devido a uma obra emergencial da Cesama. A previs\u00e3o de libera\u00e7\u00e3o \u00e9 somente \u00e0s 17h. A via e a Rua da Laguna est\u00e3o sem acesso para ve\u00edculos.<\/p>\n<p>Segundo informa\u00e7\u00f5es do site da Prefeitura de Juiz de Fora, as linhas de \u00f4nibus Santa Catarina\/ Bom Pastor (221 e 222) e Jardim Gl\u00f3ria (501) que atendem a regi\u00e3o est\u00e3o circulando pelo seguinte desvio: Rua Olimpio Reis, Bar\u00e3o de Cataguases, Avenida Oleg\u00e1rio Maciel, Rua Silva Jardim, Rua Santo Ant\u00f4nio, Rua Jo\u00e3o Pinheiro (\u2026).<\/p>\n","protected":false},"excerpt":{"rendered":"<p>No trecho entre a Rua Bar\u00e3o de Cataguases e a Travessa Jos\u00e9 Iscold, a Rua Olimpio Reis est\u00e1 totalmente interditada nesta sexta-feira, 10, devido a uma obra emergencial da Cesama. A previs\u00e3o de libera\u00e7\u00e3o \u00e9 somente \u00e0s 17h. A via e a Rua da Laguna est\u00e3o sem acesso para ve\u00edculos. Segundo informa\u00e7\u00f5es do site da [&hellip;]<\/p>\n","protected":false},"author":246,"featured_media":192228,"comment_status":"closed","ping_status":"closed","sticky":false,"template":"","format":"standard","meta":{"footnotes":""},"categories":[253,436,439],"tags":[],"class_list":["post-192227","post","type-post","status-publish","format-standard","has-post-thumbnail","hentry","category-cidade","category-destaque-da-semana","category-ultima-hora"],"_links":{"self":[{"href":"https:\/\/diarioregionaldigital.com.br\/index.php?rest_route=\/wp\/v2\/posts\/192227","targetHints":{"allow":["GET"]}}],"collection":[{"href":"https:\/\/diarioregionaldigital.com.br\/index.php?rest_route=\/wp\/v2\/posts"}],"about":[{"href":"https:\/\/diarioregionaldigital.com.br\/index.php?rest_route=\/wp\/v2\/types\/post"}],"author":[{"embeddable":true,"href":"https:\/\/diarioregionaldigital.com.br\/index.php?rest_route=\/wp\/v2\/users\/246"}],"replies":[{"embeddable":true,"href":"https:\/\/diarioregionaldigital.com.br\/index.php?rest_route=%2Fwp%2Fv2%2Fcomments&post=192227"}],"version-history":[{"count":1,"href":"https:\/\/diarioregionaldigital.com.br\/index.php?rest_route=\/wp\/v2\/posts\/192227\/revisions"}],"predecessor-version":[{"id":192229,"href":"https:\/\/diarioregionaldigital.com.br\/index.php?rest_route=\/wp\/v2\/posts\/192227\/revisions\/192229"}],"wp:featuredmedia":[{"embeddable":true,"href":"https:\/\/diarioregionaldigital.com.br\/index.php?rest_route=\/wp\/v2\/media\/192228"}],"wp:attachment":[{"href":"https:\/\/diarioregionaldigital.com.br\/index.php?rest_route=%2Fwp%2Fv2%2Fmedia&parent=192227"}],"wp:term":[{"taxonomy":"category","embeddable":true,"href":"https:\/\/diarioregionaldigital.com.br\/index.php?rest_route=%2Fwp%2Fv2%2Fcategories&post=192227"},{"taxonomy":"post_tag","embeddable":true,"href":"https:\/\/diarioregionaldigital.com.br\/index.php?rest_route=%2Fwp%2Fv2%2Ftags&post=192227"}],"curies":[{"name":"wp","href":"https:\/\/api.w.org\/{rel}","templated":true}]}}