{"id":192224,"date":"2021-12-10T17:28:44","date_gmt":"2021-12-10T20:28:44","guid":{"rendered":"https:\/\/diarioregionaldigital.com.br\/?p=192224"},"modified":"2021-12-10T17:28:44","modified_gmt":"2021-12-10T20:28:44","slug":"nossas-vidas-importam-smu-participa-de-feira-sobre-dia-internacional-dos-direitos-humanos","status":"publish","type":"post","link":"https:\/\/diarioregionaldigital.com.br\/?p=192224","title":{"rendered":"\u201cNossas vidas importam\u201d: SMU participa de feira sobre Dia Internacional dos Direitos Humanos"},"content":{"rendered":"<p>Nesta sexta-feira, 10, a Secretaria de Mobilidade Urbana (SMU) da Prefeitura de Juiz de Fora (PJF) realizou a distribui\u00e7\u00e3o de aproximadamente 80 kits com conte\u00fados l\u00fadicos, pr\u00e1ticos e educativos sobre cuidados no tr\u00e2nsito para crian\u00e7as, al\u00e9m da tamb\u00e9m distribui\u00e7\u00e3o de folders pelo fim da viol\u00eancia contra as mulheres em situa\u00e7\u00e3o de rua.<\/p>\n<p>Segundo informa\u00e7\u00f5es do site da Prefeitura de Juiz de Fora, o ato ocorreu na Pra\u00e7a da Esta\u00e7\u00e3o das 13h \u00e0s 17h, juntamente com a feira tem\u00e1tica organizada pela Secretaria Especial de Direitos Humanos (SEDH) que celebra o Dia Internacional dos Direitos Humanos. O evento ofereceu rodas de conversa, apresenta\u00e7\u00f5es culturais e servi\u00e7os de promo\u00e7\u00e3o, prote\u00e7\u00e3o e defesa dos direitos humanos.<\/p>\n<p>A iniciativa conclui a campanha \u201cNossas vidas importam &#8211; 21 dias de ativismo pelo fim das viola\u00e7\u00f5es de Direitos Humanos das Mulheres\u201d, articulada pela SEDH, com participa\u00e7\u00e3o da SMU, que arrecadou absorventes para pessoas em situa\u00e7\u00e3o de rua.<\/p>\n","protected":false},"excerpt":{"rendered":"<p>Nesta sexta-feira, 10, a Secretaria de Mobilidade Urbana (SMU) da Prefeitura de Juiz de Fora (PJF) realizou a distribui\u00e7\u00e3o de aproximadamente 80 kits com conte\u00fados l\u00fadicos, pr\u00e1ticos e educativos sobre cuidados no tr\u00e2nsito para crian\u00e7as, al\u00e9m da tamb\u00e9m distribui\u00e7\u00e3o de folders pelo fim da viol\u00eancia contra as mulheres em situa\u00e7\u00e3o de rua. Segundo informa\u00e7\u00f5es do [&hellip;]<\/p>\n","protected":false},"author":246,"featured_media":192225,"comment_status":"closed","ping_status":"closed","sticky":false,"template":"","format":"standard","meta":{"footnotes":""},"categories":[253,436,439],"tags":[],"class_list":["post-192224","post","type-post","status-publish","format-standard","has-post-thumbnail","hentry","category-cidade","category-destaque-da-semana","category-ultima-hora"],"_links":{"self":[{"href":"https:\/\/diarioregionaldigital.com.br\/index.php?rest_route=\/wp\/v2\/posts\/192224","targetHints":{"allow":["GET"]}}],"collection":[{"href":"https:\/\/diarioregionaldigital.com.br\/index.php?rest_route=\/wp\/v2\/posts"}],"about":[{"href":"https:\/\/diarioregionaldigital.com.br\/index.php?rest_route=\/wp\/v2\/types\/post"}],"author":[{"embeddable":true,"href":"https:\/\/diarioregionaldigital.com.br\/index.php?rest_route=\/wp\/v2\/users\/246"}],"replies":[{"embeddable":true,"href":"https:\/\/diarioregionaldigital.com.br\/index.php?rest_route=%2Fwp%2Fv2%2Fcomments&post=192224"}],"version-history":[{"count":1,"href":"https:\/\/diarioregionaldigital.com.br\/index.php?rest_route=\/wp\/v2\/posts\/192224\/revisions"}],"predecessor-version":[{"id":192226,"href":"https:\/\/diarioregionaldigital.com.br\/index.php?rest_route=\/wp\/v2\/posts\/192224\/revisions\/192226"}],"wp:featuredmedia":[{"embeddable":true,"href":"https:\/\/diarioregionaldigital.com.br\/index.php?rest_route=\/wp\/v2\/media\/192225"}],"wp:attachment":[{"href":"https:\/\/diarioregionaldigital.com.br\/index.php?rest_route=%2Fwp%2Fv2%2Fmedia&parent=192224"}],"wp:term":[{"taxonomy":"category","embeddable":true,"href":"https:\/\/diarioregionaldigital.com.br\/index.php?rest_route=%2Fwp%2Fv2%2Fcategories&post=192224"},{"taxonomy":"post_tag","embeddable":true,"href":"https:\/\/diarioregionaldigital.com.br\/index.php?rest_route=%2Fwp%2Fv2%2Ftags&post=192224"}],"curies":[{"name":"wp","href":"https:\/\/api.w.org\/{rel}","templated":true}]}}