{"id":192221,"date":"2021-12-10T17:24:04","date_gmt":"2021-12-10T20:24:04","guid":{"rendered":"https:\/\/diarioregionaldigital.com.br\/?p=192221"},"modified":"2021-12-10T17:24:04","modified_gmt":"2021-12-10T20:24:04","slug":"prefeita-lanca-campanha-juiz-de-fora-solidaria-no-natal","status":"publish","type":"post","link":"https:\/\/diarioregionaldigital.com.br\/?p=192221","title":{"rendered":"Prefeita lan\u00e7a campanha \u201cJuiz de Fora Solid\u00e1ria no Natal\u201d"},"content":{"rendered":"<p>Segundo informa\u00e7\u00f5es do site da prefeitura de Juiz de Fora, na manh\u00e3 desta sexta-feira, 10, Dia Internacional dos Direitos Humanos, a prefeita Margarida Salom\u00e3o lan\u00e7ou a campanha \u201cJuiz de Fora Solid\u00e1ria no Natal\u201d. Organizada pela Secretaria Especial de Direitos Humanos (SEDH), a iniciativa tem como objetivo arrecadar alimentos e brinquedos para fam\u00edlias em situa\u00e7\u00e3o de vulnerabilidade no munic\u00edpio at\u00e9 23 de dezembro.<\/p>\n<p>Segundo Margarida, campanhas deste tipo documentam o fracasso da sociedade, uma vez que apenas 26% das crian\u00e7as brasileiras fazem tr\u00eas refei\u00e7\u00f5es por dia. \u201cPara combater este inimigo perverso, que \u00e9 a acelera\u00e7\u00e3o da desigualdade, devemos nos organizar. Estamos aqui munidos dos nossos melhores valores, incluindo a compaix\u00e3o, que nada mais \u00e9 do que o compartilhamento das nossas paix\u00f5es. Assim, agrade\u00e7o a todos parceiros da Prefeitura nesta empreitada, pois somos todos dos direitos humanos\u201d.<\/p>\n<p>\u201c\u00c9 tamb\u00e9m um momento de indigna\u00e7\u00e3o e tristeza, pois a\u00e7\u00f5es assim comprovam que ainda \u00e9 preciso mobilizar a sociedade em prol dos mais vulner\u00e1veis. Sobretudo neste momento cr\u00edtico em que vivemos, no qual milhares de fam\u00edlias n\u00e3o receber\u00e3o mais o aux\u00edlio emergencial. Felizmente, existem iniciativas como esta, organizadas pelo munic\u00edpio\u201d, afirmou o secret\u00e1rio da SEDH, Biel Rocha.<\/p>\n<p><b>Lan\u00e7amento do aplicativo \u2018\u2018Radar Solid\u00e1rio\u201d<\/b><\/p>\n<p>A novidade para esta a\u00e7\u00e3o ficou por conta do aplicativo \u201cRadar Solid\u00e1rio\u201d, desenvolvido a partir de uma parceria entre as secretarias de Direitos Humanos (SEDH), Transforma\u00e7\u00e3o Digital e Administrativa (STDA) e o centro universit\u00e1rio UniAcademia. Por meio do app, as entidades cadastradas poder\u00e3o acessar o banco de dados do material arrecadado para otimizar a log\u00edstica de distribui\u00e7\u00e3o. Assim, poder\u00e3o verificar em quais institui\u00e7\u00f5es h\u00e1 cestas dispon\u00edveis e checar o hist\u00f3rico de atendimento das fam\u00edlias atendidas, evitando disparidades.<\/p>\n<p>O diretor acad\u00eamico do UniAcademia, Tiago Guimar\u00e3es, contou que a cria\u00e7\u00e3o do aplicativo foi um esfor\u00e7o colaborativo e que ir\u00e1 tornar mais assertiva a distribui\u00e7\u00e3o dos itens coletados. \u201cCom este trabalho, conseguimos unir educa\u00e7\u00e3o, solidariedade e pol\u00edtica, celebrando o esp\u00edrito natalino. Trata-se de um primeiro passo para novas parcerias que lan\u00e7aremos em breve com a PJF, como um aplicativo para enquetes com o cidad\u00e3o\u201d, adiantou.<\/p>\n<p><b>Coleta e distribui\u00e7\u00e3o das arrecada\u00e7\u00f5es<\/b><\/p>\n<p>A campanha \u00e9 fruto de mais uma parceria entre a PJF e o Programa \u201cMesa Brasil\u201d, do Servi\u00e7o Social do Com\u00e9rcio da Zona da Mata (Sesc). O programa ser\u00e1 o respons\u00e1vel pelo encaminhamento do material coletado para institui\u00e7\u00f5es que atendem fam\u00edlias socialmente vulner\u00e1veis. A mesma log\u00edstica foi utilizada nas campanhas \u201cJuiz de Fora Solid\u00e1ria\u201d e \u201cJuiz de Fora Solid\u00e1ria no Frio\u201d, quando foram arrecadadas cerca de 32 toneladas de alimentos, destinadas para mais de cem entidades.<\/p>\n<p>\u201cNossa inten\u00e7\u00e3o agora \u00e9 ampliar o n\u00famero de arrecada\u00e7\u00f5es. Por isso, mobilizamos diversas secretarias da PJF e setores da iniciativa privada, atuando de forma integrada. Estruturamos um processo mais din\u00e2mico para esta edi\u00e7\u00e3o, pois os alimentos ser\u00e3o recolhidos e encaminhados para as institui\u00e7\u00f5es j\u00e1 no mesmo dia. O Natal deveria ser uma \u00e9poca de mesas fartas, por\u00e9m, sabemos que, na realidade, n\u00e3o \u00e9 o que acontece. Da\u00ed a import\u00e2ncia de uma campanha deste porte\u201d, explicou a assessora da SEDH, Fabiana Rabelo.<\/p>\n<p>Os 63 pontos de coleta da campanha contar\u00e3o com representantes da Prefeitura e volunt\u00e1rios. Ao longo da arrecada\u00e7\u00e3o, novos locais poder\u00e3o ser incorporados, sendo sempre identificados com banners e cartazes oficiais.<\/p>\n<p><b>Os interessados podem fazer sua doa\u00e7\u00e3o nos seguintes pontos:<\/b><\/p>\n<p><b>1- Supermercados Pais e Filhos<\/b><\/p>\n<p>. Avenida Oleg\u00e1rio Maciel, 2.205 &#8211; Paineiras<br \/>\n. Avenida Presidente Juscelino Kubitschek, 789 &#8211; Francisco Bernardino<br \/>\n. Rua Irm\u00e3o Menrado, 17 &#8211; Borboleta<br \/>\n. Rua Martins Barbosa, 270 &#8211; Benfica<br \/>\n. Avenida Vereador Raymundo Hargreaves, 50 &#8211; Fontesville<\/p>\n<p><b>2- Supermercados Bahamas<\/b><\/p>\n<p>. Avenida Brasil, 90 &#8211; Centro<br \/>\n. Avenida Juscelino Kubitschek, 600 &#8211; Francisco Bernardino<br \/>\n. Rua Martins Barbosa, 738 &#8211; Benfica<br \/>\n. Rua Marechal Floriano Peixoto, 270 &#8211; Centro<br \/>\n. Rua Diomar Monteiro, 126 &#8211; Grama<br \/>\n. Avenida Itamar Franco, 2.115 &#8211; S\u00e3o Mateus<br \/>\n. Avenida Bar\u00e3o do Rio Branco, 700 &#8211; Manoel Hon\u00f3rio<br \/>\n. Avenida Francisco Valadares, 36 a 108 &#8211; Po\u00e7o Rico<br \/>\n. Rua Ibitiguaia, 551 a 557 &#8211; Santa Luzia<br \/>\n. Rua Doutor Jos\u00e9 Eutr\u00f3pio, 330 &#8211; Santa Terezinha<br \/>\n. Rua Jos\u00e9 Louren\u00e7o, 710 &#8211; S\u00e3o Pedro<br \/>\n. Avenida Bar\u00e3o do Rio Branco, 3.760 &#8211; Centro<br \/>\n. Rua Doutor Costa Reis, 849 &#8211; Teixeiras<br \/>\n. Rua Benjamin Constant, 539 &#8211; Centro<br \/>\n. Avenida Presidente Itamar Franco, Loja 171A, 3.600 &#8211; S\u00e3o Mateus<br \/>\n. Avenida Juiz de Fora, 1.819 &#8211; Grama<br \/>\n. Avenida Presidente Juscelino Kubitschek, 879 &#8211; Francisco Bernardino<br \/>\n. Rua Ant\u00f4nio Weitzel, 669 &#8211; J\u00f3quei Clube<br \/>\n. Avenida Deusdedith Salgado, 4.992 &#8211; Salvaterra<br \/>\n. Rua \u00c1lvaro Jos\u00e9 Rodrigues, 1.200, loja 1 &#8211; Santos Dumont<br \/>\n. Avenida Bar\u00e3o do Rio Branco, 2.872 &#8211; Centro<br \/>\n. Rua Santo Ant\u00f4nio, 375 &#8211; Centro<br \/>\n. Rua S\u00e3o Mateus, 1.030 &#8211; S\u00e3o Mateus<br \/>\n. Avenida Doutor Paulo Japiassu Coelho, 548 &#8211; Cascatinha<\/p>\n<p><b>3- Col\u00e9gio dos Jesu\u00edtas<\/b><\/p>\n<p>Avenida Presidente Itamar Franco, 1.600 &#8211; Centro<\/p>\n<p><b>4- Paineira Escola Waldorf<\/b><\/p>\n<p>Avenida Senhor dos Passos, 2102 &#8211; S\u00e3o Pedro<\/p>\n<p><b>5- Moinho<\/b><\/p>\n<p>Avenida JK, 900 &#8211; Francisco Bernardino<\/p>\n<p><b>6- Independ\u00eancia Shopping<\/b><\/p>\n<p>Avenida Presidente Itamar Franco, 3.600 &#8211; Cascatinha<\/p>\n<p><b>7- Shopping Jardim Norte<\/b><\/p>\n<p>Av. Brasil, 6.345 &#8211; Mariano Proc\u00f3pio<\/p>\n<p><b>8- Mister Shopping<\/b><\/p>\n<p>Rua Mister Moore, 70 &#8211; Centro<\/p>\n<p><b>9- Mercado Municipal<\/b><\/p>\n<p>Na porta de entrada, ao lado do estacionamento, na Rua Doutor Paulo Frontin, s\/n &#8211; Centro<\/p>\n<p>Na porta de entrada pela Pra\u00e7a Ant\u00f4nio Carlos, na Avenida Get\u00falio Vargas, 188 &#8211; Centro<\/p>\n<p><b>10- Prefeitura de Juiz de Fora (PJF)<\/b><\/p>\n<p>Avenida Brasil, 2.001 &#8211; Centro (ponto de arrecada\u00e7\u00e3o central no Banco do Brasil do pr\u00e9dio-sede da PJF e outros pontos nos demais andares, para arrecada\u00e7\u00e3o interna das secretarias)<\/p>\n<p><b>11- Parque Municipal (arrecada\u00e7\u00e3o nos dias 18 e 19, durante a Exposi\u00e7\u00e3o Municipal de Autom\u00f3veis Exclusivos)<\/b><\/p>\n<p>Rua do Contorno, s\/n &#8211; Nova Calif\u00f3rnia<\/p>\n<p><b>12- Parque da Lajinha<\/b><\/p>\n<p>Avenida Deusdedith Salgado &#8211; Teixeiras<\/p>\n<p><b>13- Funda\u00e7\u00e3o Cultural Alfredo Ferreira Lage (Funalfa)<\/b><\/p>\n<p>Drive-thru na Pra\u00e7a CEU (Centro de Artes e Esportes Unificados Coronel \u201cAdelmir Romualdo de Oliveira\u201d) &#8211; Avenida Presidente Juscelino Kubitschek, 5.899 &#8211; Ara\u00fajo<\/p>\n<p>Pa\u00e7o Municipal &#8211; Avenida Bar\u00e3o do Rio Branco, 2.234 &#8211; Centro<\/p>\n<p><b>14- Departamento de Atendimento ao Cidad\u00e3o (DAC) &#8211; Edif\u00edcio Adhemar Rezende de Andrade<\/b><\/p>\n<p>Avenida Bar\u00e3o do Rio Branco, 1.843, 2\u00ba andar &#8211; Centro<\/p>\n<p><b>15- Ag\u00eancia de Prote\u00e7\u00e3o e Defesa do Consumidor (Procon)<\/b><\/p>\n<p>Avenida Presidente Itamar Franco, 992 &#8211; Centro<\/p>\n<p>Procon M\u00f3vel na Rua Halfeld (entres as ruas Batista de Oliveira e Get\u00falio Vargas) &#8211; Centro<\/p>\n<p><b>16- Secretaria de Seguran\u00e7a Urbana e Cidadania (Sesuc)<\/b><\/p>\n<p>Avenida Sete de Setembro, 768 &#8211; Costa Carvalho<\/p>\n<p>4\u00aa Regi\u00e3o Integrada de Seguran\u00e7a P\u00fablica (RISP) &#8211; Rua Tenente Guimar\u00e3es, 585 &#8211; Nova Era<\/p>\n<p><b>17- Feira no Parque &#8211; Especial de Natal<\/b><\/p>\n<p>Parque Halfeld &#8211; Centro<\/p>\n<p><b>18- Corpo de Bombeiros<\/b><\/p>\n<p>Batalh\u00e3o da Avenida Brasil, 3.405 &#8211; Centro<\/p>\n<p>Batalh\u00e3o da Universidade Federal de Juiz de Fora (UFJF) &#8211; Avenida Presidente Itamar Franco &#8211; S\u00e3o Pedro<\/p>\n<p><b>19- Pol\u00edcia Militar (PM)<\/b><\/p>\n<p><b>2\u00ba Batalh\u00e3o de Pol\u00edcia Militar (BPM)<\/b><\/p>\n<p>. 31\u00aa Companhia &#8211; Rua Aur\u00e9lio Ferreira Salgado, 54 &#8211; Bom Clima<br \/>\n. 70\u00aa Companhia &#8211; Rua Am\u00e9rico Luz, 443 &#8211; Bairu<br \/>\n. 135\u00aa Companhia &#8211; Rua Nossa Senhora de Lourdes, 373 &#8211; Nossa Senhora de Lourdes<br \/>\n. P5\/2\u00ba BPM &#8211; Rua Tenente de Freitas, s\/n &#8211; Santa Terezinha<br \/>\n. Centro de Registro de Ocorr\u00eancia Policial(CROP) &#8211; Rua Jarbas de Lery, 1.777 &#8211; Centro<\/p>\n<p><b>27\u00ba Batalh\u00e3o de Pol\u00edcia Militar (BPM)<\/b><\/p>\n<p>32\u00aa Companhia &#8211; Avenida Santa Luzia, 269 &#8211; Santa Terezinha<br \/>\n99\u00aa Companhia &#8211; Rua Jos\u00e9 Louren\u00e7o Kelmer, 1.533 &#8211; Nossa Senhora de F\u00e1tima<br \/>\n173\u00aa Companhia &#8211; Rua Doutor Mour\u00e3o Guimar\u00e3es, 205 &#8211; Santa Cruz<br \/>\nSede do 27\u00ba BPM &#8211; Avenida JK, 4.011 &#8211; Santa L\u00facia<br \/>\nCentro de Registro de Ocorr\u00eancia Policial(CROP) &#8211; Rua S\u00e3o Mateus, 300 &#8211; Bairro S\u00e3o Mateus<\/p>\n<p><b>20- Pol\u00edcia Civil<\/b><\/p>\n<p>Delegacia Regional de Pol\u00edcia Civil &#8211; Rua Cust\u00f3dio Trist\u00e3o, 76 &#8211; Santa Terezinha<br \/>\n5\u00aa Delegacia da Pol\u00edcia Civil &#8211; Rua Nossa Senhora de Lourdes, 339 &#8211; Nossa Senhora de Lourdes<br \/>\nDelegacia Pol\u00edcia Civil Distrito S\u00e3o Mateus &#8211; Rua Moraes e Castro, 540 &#8211; S\u00e3o Mateus<\/p>\n<p><b>Outras informa\u00e7\u00f5es:<\/b><\/p>\n<p>(32) 3690-7331 ou sedh@pjf.mg.gov.br &#8211; Secretaria Especial de Direitos Humanos (SEDH)<\/p>\n","protected":false},"excerpt":{"rendered":"<p>Segundo informa\u00e7\u00f5es do site da prefeitura de Juiz de Fora, na manh\u00e3 desta sexta-feira, 10, Dia Internacional dos Direitos Humanos, a prefeita Margarida Salom\u00e3o lan\u00e7ou a campanha \u201cJuiz de Fora Solid\u00e1ria no Natal\u201d. Organizada pela Secretaria Especial de Direitos Humanos (SEDH), a iniciativa tem como objetivo arrecadar alimentos e brinquedos para fam\u00edlias em situa\u00e7\u00e3o de [&hellip;]<\/p>\n","protected":false},"author":246,"featured_media":192222,"comment_status":"closed","ping_status":"closed","sticky":false,"template":"","format":"standard","meta":{"footnotes":""},"categories":[253,436,440,439],"tags":[],"class_list":["post-192221","post","type-post","status-publish","format-standard","has-post-thumbnail","hentry","category-cidade","category-destaque-da-semana","category-destaques-do-dia","category-ultima-hora"],"_links":{"self":[{"href":"https:\/\/diarioregionaldigital.com.br\/index.php?rest_route=\/wp\/v2\/posts\/192221","targetHints":{"allow":["GET"]}}],"collection":[{"href":"https:\/\/diarioregionaldigital.com.br\/index.php?rest_route=\/wp\/v2\/posts"}],"about":[{"href":"https:\/\/diarioregionaldigital.com.br\/index.php?rest_route=\/wp\/v2\/types\/post"}],"author":[{"embeddable":true,"href":"https:\/\/diarioregionaldigital.com.br\/index.php?rest_route=\/wp\/v2\/users\/246"}],"replies":[{"embeddable":true,"href":"https:\/\/diarioregionaldigital.com.br\/index.php?rest_route=%2Fwp%2Fv2%2Fcomments&post=192221"}],"version-history":[{"count":1,"href":"https:\/\/diarioregionaldigital.com.br\/index.php?rest_route=\/wp\/v2\/posts\/192221\/revisions"}],"predecessor-version":[{"id":192223,"href":"https:\/\/diarioregionaldigital.com.br\/index.php?rest_route=\/wp\/v2\/posts\/192221\/revisions\/192223"}],"wp:featuredmedia":[{"embeddable":true,"href":"https:\/\/diarioregionaldigital.com.br\/index.php?rest_route=\/wp\/v2\/media\/192222"}],"wp:attachment":[{"href":"https:\/\/diarioregionaldigital.com.br\/index.php?rest_route=%2Fwp%2Fv2%2Fmedia&parent=192221"}],"wp:term":[{"taxonomy":"category","embeddable":true,"href":"https:\/\/diarioregionaldigital.com.br\/index.php?rest_route=%2Fwp%2Fv2%2Fcategories&post=192221"},{"taxonomy":"post_tag","embeddable":true,"href":"https:\/\/diarioregionaldigital.com.br\/index.php?rest_route=%2Fwp%2Fv2%2Ftags&post=192221"}],"curies":[{"name":"wp","href":"https:\/\/api.w.org\/{rel}","templated":true}]}}