{"id":192215,"date":"2021-12-10T15:25:47","date_gmt":"2021-12-10T18:25:47","guid":{"rendered":"https:\/\/diarioregionaldigital.com.br\/?p=192215"},"modified":"2021-12-10T15:25:47","modified_gmt":"2021-12-10T18:25:47","slug":"bragantino-fluminense-e-america-mg-se-classificam-a-libertadores","status":"publish","type":"post","link":"https:\/\/diarioregionaldigital.com.br\/?p=192215","title":{"rendered":"Bragantino, Fluminense e Am\u00e9rica-MG se classificam \u00e0 Libertadores"},"content":{"rendered":"<p>Os donos das vagas \u00e0 pr\u00f3xima Libertadores que faltavam ser definidas no Campeonato Brasileiro foram conhecidos nesta quinta-feira (8). O Red Bull Bragantino se classificou \u00e0 fase de grupos da competi\u00e7\u00e3o continental de maneira direta, enquanto Fluminense e Am\u00e9rica-MG disputar\u00e3o a etapa preliminar. Eles se unem a Atl\u00e9tico-MG, Flamengo, Palmeiras, Fortaleza, Corinthians e Athletico-PR, que j\u00e1 estavam assegurados.<img decoding=\"async\" src=\"https:\/\/agenciabrasil.ebc.com.br\/ebc.png?id=1431274&amp;o=node\" \/><img decoding=\"async\" src=\"https:\/\/agenciabrasil.ebc.com.br\/ebc.gif?id=1431274&amp;o=node\" \/><\/p>\n<p>O Massa Bruta derrotou o Internacional por 1 a 0 no est\u00e1dio Nabi Abi Chedid, em Bragan\u00e7a Paulista (SP), chegando a 56 pontos e garantindo o sexto lugar do Brasileiro. \u00c9 a primeira vez que o clube do interior de S\u00e3o Paulo, que passou a competi\u00e7\u00e3o inteira entre os seis primeiros colocados, disputar\u00e1 a Libertadores.<\/p>\n<p>A partida caminhava para um empate sem gols at\u00e9 os 47 minutos do segundo tempo, quando Artur recebeu do tamb\u00e9m atacante Alerrandro e decretou o triunfo paulista. Com a derrota, o Colorado permaneceu com 48 pontos, em 12\u00ba lugar, tendo como consola\u00e7\u00e3o a vaga na pr\u00f3xima Copa Sul-Americana, da qual o Braga foi vice-campe\u00e3o neste ano.<\/p>\n<p>O Fluminense bateu a lanterna Chapecoense por 3 a 0 no Maracan\u00e3, no Rio de Janeiro, garantindo-se pela segunda temporada seguida na maior competi\u00e7\u00e3o de clubes do continente. Os cariocas encerraram a S\u00e9rie A na s\u00e9tima posi\u00e7\u00e3o, com 54 pontos, ficando com a vaga na fase preliminar da Libertadores. O Verd\u00e3o do Oeste, em contrapartida, despediu-se da primeira divis\u00e3o com apenas 15 pontos, e a pior campanha de um clube na era dos pontos corridos, iniciada em 2003.<\/p>\n<p>Os tr\u00eas gols sa\u00edram no segundo tempo. Aos tr\u00eas minutos, o lateral Marlon cobrou escanteio e o zagueiro David Braz concluiu para as redes. Aos 13, o atacante Luiz Henrique bateu da entrada da \u00e1rea, a bola acertou as duas traves e entrou. Nos acr\u00e9scimos, o atacante Abel Hern\u00e1ndez foi lan\u00e7ado na \u00e1rea e chutou no canto do goleiro Jo\u00e3o Paulo, definindo o placar.<\/p>\n<p>J\u00e1 o Am\u00e9rica-MG venceu o S\u00e3o Paulo por 2 a 0 no Independ\u00eancia, em Belo Horizonte, classificando-se pela primeira vez \u00e0 competi\u00e7\u00e3o continental. O Coelho foi a 53 pontos e manteve o oitavo lugar, assegurando a \u00faltima vaga \u00e0 pr\u00e9-Libertadores. O Tricolor Paulista, com 48 pontos, encerra o campeonato na 13\u00aa posi\u00e7\u00e3o e disputar\u00e1 a Sul-Americana em 2022.<\/p>\n<p>Assim como no Maracan\u00e3, as redes do Independ\u00eancia s\u00f3 balan\u00e7aram na etapa final. Aos 12 minutos, Ademir recebeu passe de costas do tamb\u00e9m atacante Felipe Azevedo e finalizou no canto. Quatro minutos depois, o camisa 10 foi lan\u00e7ado pelo volante Juninho, tirou do goleiro Tiago Volpi e ampliou, fazendo o segundo dele, para festa da torcida mineira.<\/p>\n<p>O Atl\u00e9tico-GO, que tinha chances de ir \u00e0 Libertadores, venceu os reservas do Flamengo por 2 a 0 no est\u00e1dio Ant\u00f4nio Accioly, em Goi\u00e2nia, mas os triunfos de Fluminense e Am\u00e9rica-MG adiaram o sonho. O Drag\u00e3o foi aos mesmos 53 pontos do Coelho, ficando atr\u00e1s no saldo de gols. O Rubro-Negro carioca, com 71 pontos, finalizou o Brasileiro como vice-campe\u00e3o.<\/p>\n<p>Aos 36 minutos da etapa final, o volante Marlon Freitas cruzou pela direita e o atacante Luc\u00e3o, de cabe\u00e7a, abriu o marcador para a equipe da casa. Nos acr\u00e9scimos, foi a vez de Marlon Freitas deixar o atacante Tor\u00f3 na marca do p\u00eanalti para desviar de primeira e definir a vit\u00f3ria atleticana.<\/p>\n<p>Outro que sonhava com vaga na maior competi\u00e7\u00e3o do continente era o Cear\u00e1, que teve a meta frustrada pela derrota por 1 a 0 para o Palmeiras, na Arena Barueri, na grande S\u00e3o Paulo. O Verd\u00e3o, que foi a campo com reservas e garotos da equipe sub-20, encerrou a competi\u00e7\u00e3o em terceiro, com 66 pontos. O Voz\u00e3o, com 50 pontos, ficou em 11\u00ba, com vaga na Sul-Americana. O gol do triunfo alviverde saiu dos p\u00e9s do atacante Kevin, aos 41 minutos do primeiro tempo.<\/p>\n<p><span style=\"font-weight: 400;\">Fonte: Ag\u00eancia Brasil <\/span><\/p>\n","protected":false},"excerpt":{"rendered":"<p>Os donos das vagas \u00e0 pr\u00f3xima Libertadores que faltavam ser definidas no Campeonato Brasileiro foram conhecidos nesta quinta-feira (8). O Red Bull Bragantino se classificou \u00e0 fase de grupos da competi\u00e7\u00e3o continental de maneira direta, enquanto Fluminense e Am\u00e9rica-MG disputar\u00e3o a etapa preliminar. Eles se unem a Atl\u00e9tico-MG, Flamengo, Palmeiras, Fortaleza, Corinthians e Athletico-PR, que [&hellip;]<\/p>\n","protected":false},"author":246,"featured_media":192216,"comment_status":"closed","ping_status":"closed","sticky":false,"template":"","format":"standard","meta":{"footnotes":""},"categories":[436,257,439],"tags":[],"class_list":["post-192215","post","type-post","status-publish","format-standard","has-post-thumbnail","hentry","category-destaque-da-semana","category-esporte","category-ultima-hora"],"_links":{"self":[{"href":"https:\/\/diarioregionaldigital.com.br\/index.php?rest_route=\/wp\/v2\/posts\/192215","targetHints":{"allow":["GET"]}}],"collection":[{"href":"https:\/\/diarioregionaldigital.com.br\/index.php?rest_route=\/wp\/v2\/posts"}],"about":[{"href":"https:\/\/diarioregionaldigital.com.br\/index.php?rest_route=\/wp\/v2\/types\/post"}],"author":[{"embeddable":true,"href":"https:\/\/diarioregionaldigital.com.br\/index.php?rest_route=\/wp\/v2\/users\/246"}],"replies":[{"embeddable":true,"href":"https:\/\/diarioregionaldigital.com.br\/index.php?rest_route=%2Fwp%2Fv2%2Fcomments&post=192215"}],"version-history":[{"count":1,"href":"https:\/\/diarioregionaldigital.com.br\/index.php?rest_route=\/wp\/v2\/posts\/192215\/revisions"}],"predecessor-version":[{"id":192217,"href":"https:\/\/diarioregionaldigital.com.br\/index.php?rest_route=\/wp\/v2\/posts\/192215\/revisions\/192217"}],"wp:featuredmedia":[{"embeddable":true,"href":"https:\/\/diarioregionaldigital.com.br\/index.php?rest_route=\/wp\/v2\/media\/192216"}],"wp:attachment":[{"href":"https:\/\/diarioregionaldigital.com.br\/index.php?rest_route=%2Fwp%2Fv2%2Fmedia&parent=192215"}],"wp:term":[{"taxonomy":"category","embeddable":true,"href":"https:\/\/diarioregionaldigital.com.br\/index.php?rest_route=%2Fwp%2Fv2%2Fcategories&post=192215"},{"taxonomy":"post_tag","embeddable":true,"href":"https:\/\/diarioregionaldigital.com.br\/index.php?rest_route=%2Fwp%2Fv2%2Ftags&post=192215"}],"curies":[{"name":"wp","href":"https:\/\/api.w.org\/{rel}","templated":true}]}}