{"id":192208,"date":"2021-12-10T15:15:58","date_gmt":"2021-12-10T18:15:58","guid":{"rendered":"https:\/\/diarioregionaldigital.com.br\/?p=192208"},"modified":"2021-12-10T15:15:58","modified_gmt":"2021-12-10T18:15:58","slug":"conmebol-anuncia-datas-da-recopa-sul-americana","status":"publish","type":"post","link":"https:\/\/diarioregionaldigital.com.br\/?p=192208","title":{"rendered":"Conmebol anuncia datas da Recopa Sul-Americana"},"content":{"rendered":"<p>A Conmebol divulgou nesta quinta-feira (9) as datas da disputa do t\u00edtulo da Recopa Sul-Americana entre o Palmeiras (que conquistou a Libertadores) e Athletico-PR (vencedor da Copa Sul-Americana).<img decoding=\"async\" src=\"https:\/\/agenciabrasil.ebc.com.br\/ebc.png?id=1431268&amp;o=node\" \/><img decoding=\"async\" src=\"https:\/\/agenciabrasil.ebc.com.br\/ebc.gif?id=1431268&amp;o=node\" \/><\/p>\n<p>O primeiro jogo da final acontece no dia 23 de fevereiro de 2022 na Arena da Baixada, em Curitiba, enquanto o confronto de volta ser\u00e1 em 2 de mar\u00e7o em S\u00e3o Paulo.<\/p>\n<p>O atual vencedor da competi\u00e7\u00e3o \u00e9 o Defensa y Justicia (Argentina), que superou o Verd\u00e3o na \u00faltima decis\u00e3o.<\/p>\n<p><span style=\"font-weight: 400;\">Fonte: Ag\u00eancia Brasil <\/span><\/p>\n","protected":false},"excerpt":{"rendered":"<p>A Conmebol divulgou nesta quinta-feira (9) as datas da disputa do t\u00edtulo da Recopa Sul-Americana entre o Palmeiras (que conquistou a Libertadores) e Athletico-PR (vencedor da Copa Sul-Americana). O primeiro jogo da final acontece no dia 23 de fevereiro de 2022 na Arena da Baixada, em Curitiba, enquanto o confronto de volta ser\u00e1 em 2 [&hellip;]<\/p>\n","protected":false},"author":246,"featured_media":192209,"comment_status":"closed","ping_status":"closed","sticky":false,"template":"","format":"standard","meta":{"footnotes":""},"categories":[436,440,257,439],"tags":[],"class_list":["post-192208","post","type-post","status-publish","format-standard","has-post-thumbnail","hentry","category-destaque-da-semana","category-destaques-do-dia","category-esporte","category-ultima-hora"],"_links":{"self":[{"href":"https:\/\/diarioregionaldigital.com.br\/index.php?rest_route=\/wp\/v2\/posts\/192208","targetHints":{"allow":["GET"]}}],"collection":[{"href":"https:\/\/diarioregionaldigital.com.br\/index.php?rest_route=\/wp\/v2\/posts"}],"about":[{"href":"https:\/\/diarioregionaldigital.com.br\/index.php?rest_route=\/wp\/v2\/types\/post"}],"author":[{"embeddable":true,"href":"https:\/\/diarioregionaldigital.com.br\/index.php?rest_route=\/wp\/v2\/users\/246"}],"replies":[{"embeddable":true,"href":"https:\/\/diarioregionaldigital.com.br\/index.php?rest_route=%2Fwp%2Fv2%2Fcomments&post=192208"}],"version-history":[{"count":1,"href":"https:\/\/diarioregionaldigital.com.br\/index.php?rest_route=\/wp\/v2\/posts\/192208\/revisions"}],"predecessor-version":[{"id":192210,"href":"https:\/\/diarioregionaldigital.com.br\/index.php?rest_route=\/wp\/v2\/posts\/192208\/revisions\/192210"}],"wp:featuredmedia":[{"embeddable":true,"href":"https:\/\/diarioregionaldigital.com.br\/index.php?rest_route=\/wp\/v2\/media\/192209"}],"wp:attachment":[{"href":"https:\/\/diarioregionaldigital.com.br\/index.php?rest_route=%2Fwp%2Fv2%2Fmedia&parent=192208"}],"wp:term":[{"taxonomy":"category","embeddable":true,"href":"https:\/\/diarioregionaldigital.com.br\/index.php?rest_route=%2Fwp%2Fv2%2Fcategories&post=192208"},{"taxonomy":"post_tag","embeddable":true,"href":"https:\/\/diarioregionaldigital.com.br\/index.php?rest_route=%2Fwp%2Fv2%2Ftags&post=192208"}],"curies":[{"name":"wp","href":"https:\/\/api.w.org\/{rel}","templated":true}]}}