{"id":192205,"date":"2021-12-10T14:59:55","date_gmt":"2021-12-10T17:59:55","guid":{"rendered":"https:\/\/diarioregionaldigital.com.br\/?p=192205"},"modified":"2021-12-10T14:59:55","modified_gmt":"2021-12-10T17:59:55","slug":"ministro-da-cgu-fala-sobre-lei-que-vai-regulamentar-pratica-do-lobby","status":"publish","type":"post","link":"https:\/\/diarioregionaldigital.com.br\/?p=192205","title":{"rendered":"Ministro da CGU fala sobre lei que vai regulamentar pr\u00e1tica do lobby"},"content":{"rendered":"<p>No Dia Internacional de Combate \u00e0 Corrup\u00e7\u00e3o (9) o governo lan\u00e7ou tr\u00eas medidas para enfrentar esse problema: um projeto que vai regulamentar o\u00a0<em>lobby<\/em>, que \u00e9 o trabalho de defesa de interesses privados junto a agentes p\u00fablicos; a divulga\u00e7\u00e3o p\u00fablica da agenda de autoridades e um decreto vai ampliar a prote\u00e7\u00e3o aos denunciantes de corrup\u00e7\u00e3o. Para falar sobre essas medidas o ministro da Controladoria-Geral da Uni\u00e3o (CGU), Wagner Ros\u00e1rio, foi ao programa\u00a0<em>A Voz do Brasil<\/em>\u00a0desta\u00a0<span id=\"OBJ_PREFIX_DWT242_com_zimbra_date\" role=\"link\"><span id=\"OBJ_PREFIX_DWT247_com_zimbra_date\" role=\"link\">quinta<\/span><\/span>-feira (9).<img decoding=\"async\" src=\"https:\/\/agenciabrasil.ebc.com.br\/ebc.png?id=1431201&amp;o=node\" \/><img decoding=\"async\" src=\"https:\/\/agenciabrasil.ebc.com.br\/ebc.gif?id=1431201&amp;o=node\" \/><\/p>\n<p>Segundo o ministro, o projeto de lei para regulamenta\u00e7\u00e3o do lobby apresentado\u00a0<span id=\"OBJ_PREFIX_DWT243_com_zimbra_date\" role=\"link\"><span id=\"OBJ_PREFIX_DWT248_com_zimbra_date\" role=\"link\">hoje<\/span><\/span>\u00a0traz regras claras de transpar\u00eancia e integridade na rela\u00e7\u00e3o p\u00fablico-privada. O profissional que cometer irregularidades estar\u00e1 sujeito ao Cadastro de Representantes de Interesses Suspensos (Cris) e poder\u00e1 ficar suspenso de exercer a profiss\u00e3o junto aos \u00f3rg\u00e3os p\u00fablicos por at\u00e9 cinco anos.<\/p>\n<p>Outra medida lan\u00e7ada\u00a0<span id=\"OBJ_PREFIX_DWT244_com_zimbra_date\" role=\"link\"><span id=\"OBJ_PREFIX_DWT249_com_zimbra_date\" role=\"link\">hoje<\/span><\/span>\u00a0para dar mais transpar\u00eancia \u00e0s atividades do governo \u00e9 a organiza\u00e7\u00e3o do sistema de agenda de autoridades, tudo em um \u00fanico local. \u201cVoc\u00ea pode cruzar dados, verificar com um nome quem se reuniu com quem. Ent\u00e3o \u00e9 uma forma que o governo d\u00e1 de transpar\u00eancia nessa rela\u00e7\u00e3o p\u00fablico-privado para que qualquer cidad\u00e3o possa acompanhar as agendas das autoridades p\u00fablicas&#8221;, disse.<\/p>\n<p>Por fim, a terceira medida de combate \u00e0 corrup\u00e7\u00e3o anunciada no dia internacional sobre o tema \u00e9 a ado\u00e7\u00e3o de mecanismos para impedir a retalia\u00e7\u00e3o de servidores ou cidad\u00e3os que denunciem esquemas de fraude. \u201cN\u00f3s estamos dando seguran\u00e7a total nesses nomes, regras claras para esse nome poder ser compartilhado. Mesmo que seja pela \u00e1rea de investiga\u00e7\u00e3o, ele vai ficar completamente restrito e isso d\u00e1 uma seguran\u00e7a maior para que todos possam denunciar sem medo de sofrer nenhum tipo de cr\u00edtica ou de persegui\u00e7\u00e3o\u201d.<\/p>\n<p>Ros\u00e1rio falou tamb\u00e9m sobre outras frentes de trabalho conduzidas pela CGU, como a apura\u00e7\u00e3o de den\u00fancias contra servidores. Trabalho que foi facilitado pelo uso de intelig\u00eancia artificial que faz uma an\u00e1lise pr\u00e9via: as den\u00fancias mal instru\u00eddas s\u00e3o devolvidas para os autores para que possam complement\u00e1-las. As demais s\u00e3o encaminhadas para apura\u00e7\u00e3o. Segundo o ministro, s\u00f3 este ano foram 445 servidores demitidos do servi\u00e7o p\u00fablico. \u201cN\u00e3o gostamos de demitir servidores mas existe uma lei, existem regras a serem cumpridas e quem descumpre a lei vai responder e vai pagar com as consequ\u00eancias que a lei determina\u201d, disse.<\/p>\n<p>O ministro da CGU falou tamb\u00e9m sobre os acordos de leni\u00eancia firmados por meio da controladoria &#8211; quando as empresas admitem que est\u00e3o envolvidas em irregularidades em troca do abrandamento da pena. Desde 2014 j\u00e1 foram 17 mil acordos de leni\u00eancia. Cerca de R$ 5,5 bilh\u00f5es j\u00e1 foram recuperados e o governo. \u201cN\u00f3s recebemos informa\u00e7\u00f5es que nos ajudam a prosseguir com as investiga\u00e7\u00f5es contra outras pessoas envolvidas\u201d. Os planos de integridade s\u00e3o revisados e monitorados pela equipe da CGU. \u201c Pro cidad\u00e3o em geral voc\u00ea tem o aumento da recupera\u00e7\u00e3o de ativos, voc\u00ea tem a san\u00e7\u00e3o da empresa e voc\u00ea tem aumentos do n\u00edvel de integridade das empresas. Ela tem de se comprometer com \u00e9tica, se afastar dos casos de corrup\u00e7\u00e3o. Todo mundo ganha: a sociedade e o governo tamb\u00e9m\u201d.<\/p>\n<p><span style=\"font-weight: 400;\">Fonte: Ag\u00eancia Brasil <\/span><\/p>\n","protected":false},"excerpt":{"rendered":"<p>No Dia Internacional de Combate \u00e0 Corrup\u00e7\u00e3o (9) o governo lan\u00e7ou tr\u00eas medidas para enfrentar esse problema: um projeto que vai regulamentar o\u00a0lobby, que \u00e9 o trabalho de defesa de interesses privados junto a agentes p\u00fablicos; a divulga\u00e7\u00e3o p\u00fablica da agenda de autoridades e um decreto vai ampliar a prote\u00e7\u00e3o aos denunciantes de corrup\u00e7\u00e3o. Para [&hellip;]<\/p>\n","protected":false},"author":246,"featured_media":192206,"comment_status":"closed","ping_status":"closed","sticky":false,"template":"","format":"standard","meta":{"footnotes":""},"categories":[436,254,439],"tags":[],"class_list":["post-192205","post","type-post","status-publish","format-standard","has-post-thumbnail","hentry","category-destaque-da-semana","category-politica","category-ultima-hora"],"_links":{"self":[{"href":"https:\/\/diarioregionaldigital.com.br\/index.php?rest_route=\/wp\/v2\/posts\/192205","targetHints":{"allow":["GET"]}}],"collection":[{"href":"https:\/\/diarioregionaldigital.com.br\/index.php?rest_route=\/wp\/v2\/posts"}],"about":[{"href":"https:\/\/diarioregionaldigital.com.br\/index.php?rest_route=\/wp\/v2\/types\/post"}],"author":[{"embeddable":true,"href":"https:\/\/diarioregionaldigital.com.br\/index.php?rest_route=\/wp\/v2\/users\/246"}],"replies":[{"embeddable":true,"href":"https:\/\/diarioregionaldigital.com.br\/index.php?rest_route=%2Fwp%2Fv2%2Fcomments&post=192205"}],"version-history":[{"count":1,"href":"https:\/\/diarioregionaldigital.com.br\/index.php?rest_route=\/wp\/v2\/posts\/192205\/revisions"}],"predecessor-version":[{"id":192207,"href":"https:\/\/diarioregionaldigital.com.br\/index.php?rest_route=\/wp\/v2\/posts\/192205\/revisions\/192207"}],"wp:featuredmedia":[{"embeddable":true,"href":"https:\/\/diarioregionaldigital.com.br\/index.php?rest_route=\/wp\/v2\/media\/192206"}],"wp:attachment":[{"href":"https:\/\/diarioregionaldigital.com.br\/index.php?rest_route=%2Fwp%2Fv2%2Fmedia&parent=192205"}],"wp:term":[{"taxonomy":"category","embeddable":true,"href":"https:\/\/diarioregionaldigital.com.br\/index.php?rest_route=%2Fwp%2Fv2%2Fcategories&post=192205"},{"taxonomy":"post_tag","embeddable":true,"href":"https:\/\/diarioregionaldigital.com.br\/index.php?rest_route=%2Fwp%2Fv2%2Ftags&post=192205"}],"curies":[{"name":"wp","href":"https:\/\/api.w.org\/{rel}","templated":true}]}}