{"id":192202,"date":"2021-12-10T14:58:05","date_gmt":"2021-12-10T17:58:05","guid":{"rendered":"https:\/\/diarioregionaldigital.com.br\/?p=192202"},"modified":"2021-12-10T14:58:05","modified_gmt":"2021-12-10T17:58:05","slug":"cupula-pela-democracia-brasil-vai-defender-liberdade-e-dialogo","status":"publish","type":"post","link":"https:\/\/diarioregionaldigital.com.br\/?p=192202","title":{"rendered":"C\u00fapula pela Democracia: Brasil vai defender liberdade e di\u00e1logo"},"content":{"rendered":"<p>O presidente Jair Bolsonaro participou, nesta quinta-feira (9), da abertura da C\u00fapula pela Democracia. O evento, que termina amanh\u00e3 (10), \u00e9\u00a0organizado pelo governo norte-americano e\u00a0conta com a participa\u00e7\u00e3o de\u00a0<a href=\"https:\/\/agenciabrasil.ebc.com.br\/internacional\/noticia\/2021-12\/cupula-para-democracia-reune-mais-de-100-paises-partir-de-hoje\" target=\"_blank\" rel=\"noopener\">l\u00edderes de mais de 100 pa\u00edses<\/a>\u00a0com a proposta de trocar experi\u00eancias.<img decoding=\"async\" src=\"https:\/\/agenciabrasil.ebc.com.br\/ebc.png?id=1431230&amp;o=node\" \/><img decoding=\"async\" src=\"https:\/\/agenciabrasil.ebc.com.br\/ebc.gif?id=1431230&amp;o=node\" \/><\/p>\n<p>De acordo com o Minist\u00e9rio das Rela\u00e7\u00f5es Exteriores, em v\u00eddeo a ser exibido amanh\u00e3 durante a c\u00fapula, Bolsonaro vai reiterar\u00a0o compromisso do Brasil com a prote\u00e7\u00e3o das liberdades fundamentais e a promo\u00e7\u00e3o de uma cultura de di\u00e1logo, liberdade e inclus\u00e3o social.<\/p>\n<p>Ainda segundo o Itamaraty, o presidente citar\u00e1\u00a0o combate \u00e0 corrup\u00e7\u00e3o como uma prioridade permanente do governo brasileiro, \u201cinclusive por meio da aprova\u00e7\u00e3o do Plano Anticorrup\u00e7\u00e3o, com vistas \u00e0 consolida\u00e7\u00e3o de uma administra\u00e7\u00e3o p\u00fablica transparente e respons\u00e1vel\u201d.<\/p>\n<p>\u201cA participa\u00e7\u00e3o do Brasil na C\u00fapula pela Democracia demonstra o compromisso do pa\u00eds com os valores democr\u00e1ticos consagrados na Constitui\u00e7\u00e3o Federal de 1988 e com o pleno desenvolvimento do Estado de direito\u201d, finalizou a pasta, por meio de nota.<\/p>\n<p><span style=\"font-weight: 400;\">Fonte: Ag\u00eancia Brasil <\/span><\/p>\n","protected":false},"excerpt":{"rendered":"<p>O presidente Jair Bolsonaro participou, nesta quinta-feira (9), da abertura da C\u00fapula pela Democracia. O evento, que termina amanh\u00e3 (10), \u00e9\u00a0organizado pelo governo norte-americano e\u00a0conta com a participa\u00e7\u00e3o de\u00a0l\u00edderes de mais de 100 pa\u00edses\u00a0com a proposta de trocar experi\u00eancias. De acordo com o Minist\u00e9rio das Rela\u00e7\u00f5es Exteriores, em v\u00eddeo a ser exibido amanh\u00e3 durante a [&hellip;]<\/p>\n","protected":false},"author":246,"featured_media":192203,"comment_status":"closed","ping_status":"closed","sticky":false,"template":"","format":"standard","meta":{"footnotes":""},"categories":[436,254,439],"tags":[],"class_list":["post-192202","post","type-post","status-publish","format-standard","has-post-thumbnail","hentry","category-destaque-da-semana","category-politica","category-ultima-hora"],"_links":{"self":[{"href":"https:\/\/diarioregionaldigital.com.br\/index.php?rest_route=\/wp\/v2\/posts\/192202","targetHints":{"allow":["GET"]}}],"collection":[{"href":"https:\/\/diarioregionaldigital.com.br\/index.php?rest_route=\/wp\/v2\/posts"}],"about":[{"href":"https:\/\/diarioregionaldigital.com.br\/index.php?rest_route=\/wp\/v2\/types\/post"}],"author":[{"embeddable":true,"href":"https:\/\/diarioregionaldigital.com.br\/index.php?rest_route=\/wp\/v2\/users\/246"}],"replies":[{"embeddable":true,"href":"https:\/\/diarioregionaldigital.com.br\/index.php?rest_route=%2Fwp%2Fv2%2Fcomments&post=192202"}],"version-history":[{"count":1,"href":"https:\/\/diarioregionaldigital.com.br\/index.php?rest_route=\/wp\/v2\/posts\/192202\/revisions"}],"predecessor-version":[{"id":192204,"href":"https:\/\/diarioregionaldigital.com.br\/index.php?rest_route=\/wp\/v2\/posts\/192202\/revisions\/192204"}],"wp:featuredmedia":[{"embeddable":true,"href":"https:\/\/diarioregionaldigital.com.br\/index.php?rest_route=\/wp\/v2\/media\/192203"}],"wp:attachment":[{"href":"https:\/\/diarioregionaldigital.com.br\/index.php?rest_route=%2Fwp%2Fv2%2Fmedia&parent=192202"}],"wp:term":[{"taxonomy":"category","embeddable":true,"href":"https:\/\/diarioregionaldigital.com.br\/index.php?rest_route=%2Fwp%2Fv2%2Fcategories&post=192202"},{"taxonomy":"post_tag","embeddable":true,"href":"https:\/\/diarioregionaldigital.com.br\/index.php?rest_route=%2Fwp%2Fv2%2Ftags&post=192202"}],"curies":[{"name":"wp","href":"https:\/\/api.w.org\/{rel}","templated":true}]}}