{"id":192199,"date":"2021-12-10T14:55:36","date_gmt":"2021-12-10T17:55:36","guid":{"rendered":"https:\/\/diarioregionaldigital.com.br\/?p=192199"},"modified":"2021-12-10T14:55:36","modified_gmt":"2021-12-10T17:55:36","slug":"camara-aprova-projeto-que-anula-multa-por-atraso-de-guia-do-fgts","status":"publish","type":"post","link":"https:\/\/diarioregionaldigital.com.br\/?p=192199","title":{"rendered":"C\u00e2mara aprova projeto que anula multa por atraso de guia do FGTS"},"content":{"rendered":"<p>A C\u00e2mara dos Deputados aprovou nesta\u00a0<span id=\"OBJ_PREFIX_DWT176_com_zimbra_date\" role=\"link\"><span id=\"OBJ_PREFIX_DWT181_com_zimbra_date\" role=\"link\">quinta<\/span><\/span>-feira (9) projeto de lei que anula as multas aplicadas a empresas por atraso na entrega,\u00a0\u00e0 Receita Federal,\u00a0da Guia de Recolhimento do Fundo de Garantia do Tempo de Servi\u00e7o e Informa\u00e7\u00f5es \u00e0 Previd\u00eancia Social (GFIP). A mat\u00e9ria ser\u00e1 enviada \u00e0\u00a0san\u00e7\u00e3o presidencial.<img decoding=\"async\" src=\"https:\/\/agenciabrasil.ebc.com.br\/ebc.png?id=1431189&amp;o=node\" \/><img decoding=\"async\" src=\"https:\/\/agenciabrasil.ebc.com.br\/ebc.gif?id=1431189&amp;o=node\" \/><\/p>\n<p>O texto que ir\u00e1 \u00e0 san\u00e7\u00e3o anula todos os d\u00e9bitos tribut\u00e1rios desse tipo at\u00e9 a publica\u00e7\u00e3o da futura lei, independentemente de estarem ou n\u00e3o constitu\u00eddos ou inscritos em d\u00edvida ativa.<\/p>\n<p>Os deputados aprovaram um substitutivo do Senado, de autoria do deputado\u00a0<span id=\"OBJ_PREFIX_DWT177_com_zimbra_url\" role=\"link\"><span id=\"OBJ_PREFIX_DWT182_com_zimbra_url\" role=\"link\"><a href=\"https:\/\/www.camara.leg.br\/deputados\/151208\" target=\"_blank\" rel=\"noopener\">Laercio Oliveira (PP-SE)<\/a><\/span><\/span>,\u00a0\u00a0ao texto da C\u00e2mara, aprovado em 2018, seguindo parecer favor\u00e1vel do relator, deputado\u00a0<span id=\"OBJ_PREFIX_DWT178_com_zimbra_url\" role=\"link\"><span id=\"OBJ_PREFIX_DWT183_com_zimbra_url\" role=\"link\"><a href=\"https:\/\/www.camara.leg.br\/deputados\/178879\" target=\"_blank\" rel=\"noopener\">Lucas Vergilio (Solidariedade-GO)<\/a><\/span><\/span>.<\/p>\n<p>A medida ser\u00e1 aplicada apenas nos casos em que n\u00e3o houve obrigatoriedade de recolhimentos ao FGTS. A exig\u00eancia de entrega desse tipo de guia \u00e9 prevista em duas normas: a Lei do FGTS e a Lei Org\u00e2nica da Seguridade Social. Nesta \u00faltima est\u00e1 prevista a multa pela n\u00e3o apresenta\u00e7\u00e3o do documento.<\/p>\n<p>A vers\u00e3o aprovada inicialmente pela C\u00e2mara dos Deputados restringia a anistia e a anula\u00e7\u00e3o das multas ao per\u00edodo de 2009 a 2013.<\/p>\n<p><span style=\"font-weight: 400;\">Fonte: Ag\u00eancia Brasil \/ Ag\u00eancia C\u00e2mara<\/span><\/p>\n","protected":false},"excerpt":{"rendered":"<p>A C\u00e2mara dos Deputados aprovou nesta\u00a0quinta-feira (9) projeto de lei que anula as multas aplicadas a empresas por atraso na entrega,\u00a0\u00e0 Receita Federal,\u00a0da Guia de Recolhimento do Fundo de Garantia do Tempo de Servi\u00e7o e Informa\u00e7\u00f5es \u00e0 Previd\u00eancia Social (GFIP). A mat\u00e9ria ser\u00e1 enviada \u00e0\u00a0san\u00e7\u00e3o presidencial. O texto que ir\u00e1 \u00e0 san\u00e7\u00e3o anula todos os [&hellip;]<\/p>\n","protected":false},"author":246,"featured_media":192200,"comment_status":"closed","ping_status":"closed","sticky":false,"template":"","format":"standard","meta":{"footnotes":""},"categories":[436,254,439],"tags":[],"class_list":["post-192199","post","type-post","status-publish","format-standard","has-post-thumbnail","hentry","category-destaque-da-semana","category-politica","category-ultima-hora"],"_links":{"self":[{"href":"https:\/\/diarioregionaldigital.com.br\/index.php?rest_route=\/wp\/v2\/posts\/192199","targetHints":{"allow":["GET"]}}],"collection":[{"href":"https:\/\/diarioregionaldigital.com.br\/index.php?rest_route=\/wp\/v2\/posts"}],"about":[{"href":"https:\/\/diarioregionaldigital.com.br\/index.php?rest_route=\/wp\/v2\/types\/post"}],"author":[{"embeddable":true,"href":"https:\/\/diarioregionaldigital.com.br\/index.php?rest_route=\/wp\/v2\/users\/246"}],"replies":[{"embeddable":true,"href":"https:\/\/diarioregionaldigital.com.br\/index.php?rest_route=%2Fwp%2Fv2%2Fcomments&post=192199"}],"version-history":[{"count":1,"href":"https:\/\/diarioregionaldigital.com.br\/index.php?rest_route=\/wp\/v2\/posts\/192199\/revisions"}],"predecessor-version":[{"id":192201,"href":"https:\/\/diarioregionaldigital.com.br\/index.php?rest_route=\/wp\/v2\/posts\/192199\/revisions\/192201"}],"wp:featuredmedia":[{"embeddable":true,"href":"https:\/\/diarioregionaldigital.com.br\/index.php?rest_route=\/wp\/v2\/media\/192200"}],"wp:attachment":[{"href":"https:\/\/diarioregionaldigital.com.br\/index.php?rest_route=%2Fwp%2Fv2%2Fmedia&parent=192199"}],"wp:term":[{"taxonomy":"category","embeddable":true,"href":"https:\/\/diarioregionaldigital.com.br\/index.php?rest_route=%2Fwp%2Fv2%2Fcategories&post=192199"},{"taxonomy":"post_tag","embeddable":true,"href":"https:\/\/diarioregionaldigital.com.br\/index.php?rest_route=%2Fwp%2Fv2%2Ftags&post=192199"}],"curies":[{"name":"wp","href":"https:\/\/api.w.org\/{rel}","templated":true}]}}