{"id":192190,"date":"2021-12-10T14:47:59","date_gmt":"2021-12-10T17:47:59","guid":{"rendered":"https:\/\/diarioregionaldigital.com.br\/?p=192190"},"modified":"2021-12-10T14:47:59","modified_gmt":"2021-12-10T17:47:59","slug":"clientes-da-caixa-podem-regularizar-dividas-em-atraso-ate-dia-30","status":"publish","type":"post","link":"https:\/\/diarioregionaldigital.com.br\/?p=192190","title":{"rendered":"Clientes da Caixa podem regularizar d\u00edvidas em atraso at\u00e9 dia 30"},"content":{"rendered":"<p>A a\u00e7\u00e3o Voc\u00ea no Azul 2021 da Caixa Econ\u00f4mica Federal registrou, at\u00e9 a \u00faltima\u00a0ter\u00e7a-feira (7), R$ 3 bilh\u00f5es em d\u00edvidas liquidadas, com a regulariza\u00e7\u00e3o de 405.574 contratos comerciais de mais de 304 mil clientes pessoas f\u00edsicas e jur\u00eddicas.<img decoding=\"async\" src=\"https:\/\/agenciabrasil.ebc.com.br\/ebc.png?id=1431351&amp;o=node\" \/><img decoding=\"async\" src=\"https:\/\/agenciabrasil.ebc.com.br\/ebc.gif?id=1431351&amp;o=node\" \/><\/p>\n<p>A a\u00e7\u00e3o tem o objetivo de renegociar d\u00edvidas de clientes do banco que est\u00e3o em atraso. A previs\u00e3o de encerramento da campanha \u00e9 no dia\u00a030 de dezembro. Os descontos podem chegar a at\u00e9 90% do valor da d\u00edvida, e as condi\u00e7\u00f5es variam conforme o perfil do cr\u00e9dito contratado e do atraso.<\/p>\n<p>De acordo com a Caixa, s\u00e3o mais de 3,6 milh\u00f5es de pessoas f\u00edsicas e 350 mil empresas que ainda t\u00eam a oportunidade de regularizar suas d\u00edvidas.<\/p>\n<p><strong>Canais de atendimento<\/strong><\/p>\n<p>Os clientes podem negociar suas d\u00edvidas por meio dos\u00a0<em>sites<\/em>\u00a0<a href=\"https:\/\/www.caixa.gov.br\/voce\/negociacao\/Paginas\/default.aspx\" target=\"_blank\" rel=\"noopener\">www.caixa.gov.br\/negociar<\/a>\u00a0e\u00a0<a href=\"https:\/\/www.negociardividas.caixa.gov.br\/sineb\/clienteIdentifica.jsp\" target=\"_blank\" rel=\"noopener\">www.negociardividas.caixa.gov.br<\/a>; pelos telefones 4004 0104 (capitais) e\u00a00800 104 0104\u00a0(demais regi\u00f5es), op\u00e7\u00e3o 5; e WhatsApp, pelo n\u00famero\u00a00800 104 0104, op\u00e7\u00e3o 3. As condi\u00e7\u00f5es tamb\u00e9m est\u00e3o dispon\u00edveis no\u00a0<a href=\"http:\/\/twitter.com\/caixa\" target=\"_blank\" rel=\"noopener\">Twitter<\/a>\u00a0e pelo Messenger do\u00a0<a href=\"http:\/\/facebook.com\/caixa\" target=\"_blank\" rel=\"noopener\">Facebook<\/a>.<\/p>\n<p>Os clientes podem tamb\u00e9m procurar unidades lot\u00e9ricas para quita\u00e7\u00e3o de valores at\u00e9 R$ 5 mil, informando o CPF e a inten\u00e7\u00e3o de pagamento da d\u00edvida Voc\u00ea no Azul.<\/p>\n<p>No Caminh\u00e3o Voc\u00ea no Azul tamb\u00e9m \u00e9 poss\u00edvel regularizar d\u00edvidas. Durante o m\u00eas\u00a0de dezembro, o Caminh\u00e3o vai seguir o seguinte calend\u00e1rio: dos dias 13 a 17, em Porto Velho, Av Presidente Dutra, 2816 \u2013 Ol\u00e1ria; de 20 a 30, no Rio\u00a0de Janeiro, Largo da Carioca, em Rio Branco, Pra\u00e7a Pl\u00e1cido de Castro \u2013 Centro, e em Santos, Pra\u00e7a Visconde de Mau\u00e1 \u2013 Centro.<\/p>\n<p><span style=\"font-weight: 400;\">Fonte: Ag\u00eancia Brasil <\/span><\/p>\n","protected":false},"excerpt":{"rendered":"<p>A a\u00e7\u00e3o Voc\u00ea no Azul 2021 da Caixa Econ\u00f4mica Federal registrou, at\u00e9 a \u00faltima\u00a0ter\u00e7a-feira (7), R$ 3 bilh\u00f5es em d\u00edvidas liquidadas, com a regulariza\u00e7\u00e3o de 405.574 contratos comerciais de mais de 304 mil clientes pessoas f\u00edsicas e jur\u00eddicas. A a\u00e7\u00e3o tem o objetivo de renegociar d\u00edvidas de clientes do banco que est\u00e3o em atraso. A [&hellip;]<\/p>\n","protected":false},"author":246,"featured_media":192191,"comment_status":"closed","ping_status":"closed","sticky":false,"template":"","format":"standard","meta":{"footnotes":""},"categories":[436,261,439],"tags":[],"class_list":["post-192190","post","type-post","status-publish","format-standard","has-post-thumbnail","hentry","category-destaque-da-semana","category-economia","category-ultima-hora"],"_links":{"self":[{"href":"https:\/\/diarioregionaldigital.com.br\/index.php?rest_route=\/wp\/v2\/posts\/192190","targetHints":{"allow":["GET"]}}],"collection":[{"href":"https:\/\/diarioregionaldigital.com.br\/index.php?rest_route=\/wp\/v2\/posts"}],"about":[{"href":"https:\/\/diarioregionaldigital.com.br\/index.php?rest_route=\/wp\/v2\/types\/post"}],"author":[{"embeddable":true,"href":"https:\/\/diarioregionaldigital.com.br\/index.php?rest_route=\/wp\/v2\/users\/246"}],"replies":[{"embeddable":true,"href":"https:\/\/diarioregionaldigital.com.br\/index.php?rest_route=%2Fwp%2Fv2%2Fcomments&post=192190"}],"version-history":[{"count":1,"href":"https:\/\/diarioregionaldigital.com.br\/index.php?rest_route=\/wp\/v2\/posts\/192190\/revisions"}],"predecessor-version":[{"id":192192,"href":"https:\/\/diarioregionaldigital.com.br\/index.php?rest_route=\/wp\/v2\/posts\/192190\/revisions\/192192"}],"wp:featuredmedia":[{"embeddable":true,"href":"https:\/\/diarioregionaldigital.com.br\/index.php?rest_route=\/wp\/v2\/media\/192191"}],"wp:attachment":[{"href":"https:\/\/diarioregionaldigital.com.br\/index.php?rest_route=%2Fwp%2Fv2%2Fmedia&parent=192190"}],"wp:term":[{"taxonomy":"category","embeddable":true,"href":"https:\/\/diarioregionaldigital.com.br\/index.php?rest_route=%2Fwp%2Fv2%2Fcategories&post=192190"},{"taxonomy":"post_tag","embeddable":true,"href":"https:\/\/diarioregionaldigital.com.br\/index.php?rest_route=%2Fwp%2Fv2%2Ftags&post=192190"}],"curies":[{"name":"wp","href":"https:\/\/api.w.org\/{rel}","templated":true}]}}