{"id":192187,"date":"2021-12-10T14:46:05","date_gmt":"2021-12-10T17:46:05","guid":{"rendered":"https:\/\/diarioregionaldigital.com.br\/?p=192187"},"modified":"2021-12-10T14:46:05","modified_gmt":"2021-12-10T17:46:05","slug":"barometros-globais-ficam-relativamente-estaveis-em-dezembro","status":"publish","type":"post","link":"https:\/\/diarioregionaldigital.com.br\/?p=192187","title":{"rendered":"Bar\u00f4metros Globais ficam relativamente est\u00e1veis em dezembro"},"content":{"rendered":"<p>Ap\u00f3s ca\u00edrem expressivamente ao longo do segundo semestre de 2021, os Bar\u00f4metros Econ\u00f4micos Globais ficaram relativamente est\u00e1veis em dezembro. O Bar\u00f4metro Coincidente interrompeu a sequ\u00eancia de queda iniciada em julho, enquanto o Bar\u00f4metro Antecedente registrou a s\u00e9tima queda consecutiva, mantendo-se abaixo dos 100 pontos o que exp\u00f5e as dificuldades de manuten\u00e7\u00e3o do ritmo de retomada da economia mundial.<img decoding=\"async\" src=\"https:\/\/agenciabrasil.ebc.com.br\/ebc.png?id=1431342&amp;o=node\" \/><img decoding=\"async\" src=\"https:\/\/agenciabrasil.ebc.com.br\/ebc.gif?id=1431342&amp;o=node\" \/><\/p>\n<p>As informa\u00e7\u00f5es s\u00e3o do Instituto Brasileiro de Economia da Funda\u00e7\u00e3o Getulio Vargas (Ibre\/FGV), divulgadas hoje (10).<\/p>\n<p>Enquanto o Bar\u00f4metro Coincidente reflete o estado atual da atividade econ\u00f4mica, o Bar\u00f4metro Antecedente emite um sinal c\u00edclico cerca de seis meses \u00e0 frente dos desenvolvimentos econ\u00f4micos reais. Esses indicadores se baseiam nos resultados de pesquisas de tend\u00eancias econ\u00f4micas realizadas em mais de 50 pa\u00edses. A inten\u00e7\u00e3o \u00e9 ter a cobertura global mais ampla poss\u00edvel.<\/p>\n<p>O Bar\u00f4metro Global Coincidente subiu 0,5 ponto em dezembro, para 107,1 pontos. J\u00e1 o Bar\u00f4metro Global Antecedente recuou 0,4 ponto, para 95,7 pontos, menor n\u00edvel desde julho de 2020 (83,2 pontos).<\/p>\n<p>De acordo com a an\u00e1lise, o resultado positivo do Bar\u00f4metro Coincidente foi determinado exclusivamente pela regi\u00e3o da Europa, enquanto o resultado negativo do Bar\u00f4metro Antecedente foi influenciado pela \u00c1sia, Pac\u00edfico e \u00c1frica e pelo Hemisf\u00e9rio Ocidental.<\/p>\n<p>Segundo o pesquisador do Ibre\/FGV, Paulo Picchetti, enquanto o avan\u00e7o do Bar\u00f4metro Coincidente demonstra estabilidade do n\u00edvel de atividade na maior parte das regi\u00f5es ao final de 2021, o novo resultado negativo para o Bar\u00f4metro Antecedente incorpora os efeitos do aumento da incerteza em rela\u00e7\u00e3o ao futuro imediato.<\/p>\n<p>\u201cApesar da extens\u00e3o da amea\u00e7a colocada pela nova variante do novo coronav\u00edrus ainda n\u00e3o ser completamente conhecida, novas restri\u00e7\u00f5es \u00e0 mobilidade j\u00e1 v\u00eam sendo adotadas em alguns locais. Esse fato pode retardar a solu\u00e7\u00e3o dos problemas nas cadeias de suprimento de insumos, cujas press\u00f5es sobre pre\u00e7os j\u00e1 est\u00e3o disseminadas, resultando em sinaliza\u00e7\u00f5es de pol\u00edtica monet\u00e1ria contracionista em v\u00e1rios pa\u00edses\u201d, disse, em nota, o pesquisador.<\/p>\n<p><strong>Bar\u00f4metro Coincidente<\/strong><\/p>\n<p>A Europa \u00e9 a \u00fanica regi\u00e3o a registrar evolu\u00e7\u00e3o positiva de seu indicador coincidente em dezembro. Os indicadores das demais regi\u00f5es ficaram est\u00e1veis. Todas as regi\u00f5es ainda registram indicadores acima do n\u00edvel m\u00e9dio hist\u00f3rico de 100 pontos.<\/p>\n<p>Entre os indicadores setoriais, apenas Ind\u00fastria e Com\u00e9rcio sobem em dezembro, enquanto os demais registram queda. Com o resultado, o indicador do Com\u00e9rcio passou a ser o maior entre os indicadores setoriais, algo que n\u00e3o acontecia desde outubro de 2019.<\/p>\n<p><strong>Bar\u00f4metro Antecedente<\/strong><\/p>\n<p>O Bar\u00f4metro Global Antecedente antecipa os ciclos das taxas de crescimento mundial em tr\u00eas a seis meses. Os indicadores antecedentes das regi\u00f5es da \u00c1sia, Pac\u00edfico e \u00c1frica e Hemisf\u00e9rio Ocidental contribuem negativamente para a evolu\u00e7\u00e3o do Bar\u00f4metro Antecedente (-0,4 ponto) em 0,5 e 0,4 ponto, respectivamente. A Europa foi a \u00fanica regi\u00e3o a contribuir positivamente, em 0,5 ponto. Todas as regi\u00f5es registram indicadores antecedentes inferiores a 100 pontos em dezembro.<\/p>\n<p>Houve queda em tr\u00eas dos cinco indicadores antecedentes setoriais em dezembro: Servi\u00e7os, Constru\u00e7\u00e3o e Ind\u00fastria. Os indicadores do Com\u00e9rcio e da Economia Geral (avalia\u00e7\u00f5es dos consumidores e agregadas empresariais) subiram no m\u00eas. Com os resultados, o com\u00e9rcio continua sendo o setor mais otimista no curto prazo, constru\u00e7\u00e3o e servi\u00e7os registram n\u00edvel que reflete modera\u00e7\u00e3o e os indicadores da ind\u00fastria e da economia giram abaixo da m\u00e9dia hist\u00f3rica de 100 pontos, sinalizando tend\u00eancia de enfraquecimento.<\/p>\n<p><span style=\"font-weight: 400;\">Fonte: Ag\u00eancia Brasil <\/span><\/p>\n","protected":false},"excerpt":{"rendered":"<p>Ap\u00f3s ca\u00edrem expressivamente ao longo do segundo semestre de 2021, os Bar\u00f4metros Econ\u00f4micos Globais ficaram relativamente est\u00e1veis em dezembro. O Bar\u00f4metro Coincidente interrompeu a sequ\u00eancia de queda iniciada em julho, enquanto o Bar\u00f4metro Antecedente registrou a s\u00e9tima queda consecutiva, mantendo-se abaixo dos 100 pontos o que exp\u00f5e as dificuldades de manuten\u00e7\u00e3o do ritmo de retomada [&hellip;]<\/p>\n","protected":false},"author":246,"featured_media":192188,"comment_status":"closed","ping_status":"closed","sticky":false,"template":"","format":"standard","meta":{"footnotes":""},"categories":[436,261,439],"tags":[],"class_list":["post-192187","post","type-post","status-publish","format-standard","has-post-thumbnail","hentry","category-destaque-da-semana","category-economia","category-ultima-hora"],"_links":{"self":[{"href":"https:\/\/diarioregionaldigital.com.br\/index.php?rest_route=\/wp\/v2\/posts\/192187","targetHints":{"allow":["GET"]}}],"collection":[{"href":"https:\/\/diarioregionaldigital.com.br\/index.php?rest_route=\/wp\/v2\/posts"}],"about":[{"href":"https:\/\/diarioregionaldigital.com.br\/index.php?rest_route=\/wp\/v2\/types\/post"}],"author":[{"embeddable":true,"href":"https:\/\/diarioregionaldigital.com.br\/index.php?rest_route=\/wp\/v2\/users\/246"}],"replies":[{"embeddable":true,"href":"https:\/\/diarioregionaldigital.com.br\/index.php?rest_route=%2Fwp%2Fv2%2Fcomments&post=192187"}],"version-history":[{"count":1,"href":"https:\/\/diarioregionaldigital.com.br\/index.php?rest_route=\/wp\/v2\/posts\/192187\/revisions"}],"predecessor-version":[{"id":192189,"href":"https:\/\/diarioregionaldigital.com.br\/index.php?rest_route=\/wp\/v2\/posts\/192187\/revisions\/192189"}],"wp:featuredmedia":[{"embeddable":true,"href":"https:\/\/diarioregionaldigital.com.br\/index.php?rest_route=\/wp\/v2\/media\/192188"}],"wp:attachment":[{"href":"https:\/\/diarioregionaldigital.com.br\/index.php?rest_route=%2Fwp%2Fv2%2Fmedia&parent=192187"}],"wp:term":[{"taxonomy":"category","embeddable":true,"href":"https:\/\/diarioregionaldigital.com.br\/index.php?rest_route=%2Fwp%2Fv2%2Fcategories&post=192187"},{"taxonomy":"post_tag","embeddable":true,"href":"https:\/\/diarioregionaldigital.com.br\/index.php?rest_route=%2Fwp%2Fv2%2Ftags&post=192187"}],"curies":[{"name":"wp","href":"https:\/\/api.w.org\/{rel}","templated":true}]}}