{"id":192184,"date":"2021-12-10T14:43:21","date_gmt":"2021-12-10T17:43:21","guid":{"rendered":"https:\/\/diarioregionaldigital.com.br\/?p=192184"},"modified":"2021-12-10T14:43:21","modified_gmt":"2021-12-10T17:43:21","slug":"confianca-da-industria-volta-a-subir-apos-tres-meses-de-queda","status":"publish","type":"post","link":"https:\/\/diarioregionaldigital.com.br\/?p=192184","title":{"rendered":"Confian\u00e7a da ind\u00fastria volta a subir, ap\u00f3s tr\u00eas meses de queda"},"content":{"rendered":"<p>O \u00cdndice de Confian\u00e7a do Empres\u00e1rio Industrial (Icei), da Confedera\u00e7\u00e3o Nacional da Ind\u00fastria (CNI), avan\u00e7ou 0,7 ponto em dezembro de 2021 em rela\u00e7\u00e3o a novembro, ao subir de 56 para 56,7.<img decoding=\"async\" src=\"https:\/\/agenciabrasil.ebc.com.br\/ebc.png?id=1431359&amp;o=node\" \/><img decoding=\"async\" src=\"https:\/\/agenciabrasil.ebc.com.br\/ebc.gif?id=1431359&amp;o=node\" \/><\/p>\n<p>A alta interrompe uma sequ\u00eancia de tr\u00eas quedas, quando o Icei recuou 7,2 pontos. Esse \u00edndice varia entre 0 e 100, tendo uma linha de corte em 50 pontos. Dados acima de 50 indicam confian\u00e7a e abaixo falta de confian\u00e7a. Foram entrevistadas 1.471 empresas entre 1\u00ba e 7 de dezembro.<\/p>\n<p>O indicador est\u00e1 acima da m\u00e9dia hist\u00f3rica de 54,1 pontos.<\/p>\n<p>No entanto, na compara\u00e7\u00e3o com dezembro do ano passado h\u00e1 um recuo. O Icei caiu de 63,1 para 56,7. \u201cEssa queda releva que a confian\u00e7a est\u00e1 menos disseminada e intensa do que no final de 2020\u201d, diz a CNI.<\/p>\n<p>A percep\u00e7\u00e3o para os pr\u00f3ximos seis meses est\u00e1 60,1 pontos, o que, segundo a CNI, mostra que o otimismo para o pr\u00f3ximo semestre est\u00e1 mais forte e disseminado.<\/p>\n<p><span style=\"font-weight: 400;\"><br \/>\n<\/span><span style=\"font-weight: 400;\">Fonte: Ag\u00eancia Brasil <\/span><\/p>\n","protected":false},"excerpt":{"rendered":"<p>O \u00cdndice de Confian\u00e7a do Empres\u00e1rio Industrial (Icei), da Confedera\u00e7\u00e3o Nacional da Ind\u00fastria (CNI), avan\u00e7ou 0,7 ponto em dezembro de 2021 em rela\u00e7\u00e3o a novembro, ao subir de 56 para 56,7. A alta interrompe uma sequ\u00eancia de tr\u00eas quedas, quando o Icei recuou 7,2 pontos. Esse \u00edndice varia entre 0 e 100, tendo uma linha [&hellip;]<\/p>\n","protected":false},"author":246,"featured_media":192185,"comment_status":"closed","ping_status":"closed","sticky":false,"template":"","format":"standard","meta":{"footnotes":""},"categories":[436,440,261,439],"tags":[],"class_list":["post-192184","post","type-post","status-publish","format-standard","has-post-thumbnail","hentry","category-destaque-da-semana","category-destaques-do-dia","category-economia","category-ultima-hora"],"_links":{"self":[{"href":"https:\/\/diarioregionaldigital.com.br\/index.php?rest_route=\/wp\/v2\/posts\/192184","targetHints":{"allow":["GET"]}}],"collection":[{"href":"https:\/\/diarioregionaldigital.com.br\/index.php?rest_route=\/wp\/v2\/posts"}],"about":[{"href":"https:\/\/diarioregionaldigital.com.br\/index.php?rest_route=\/wp\/v2\/types\/post"}],"author":[{"embeddable":true,"href":"https:\/\/diarioregionaldigital.com.br\/index.php?rest_route=\/wp\/v2\/users\/246"}],"replies":[{"embeddable":true,"href":"https:\/\/diarioregionaldigital.com.br\/index.php?rest_route=%2Fwp%2Fv2%2Fcomments&post=192184"}],"version-history":[{"count":1,"href":"https:\/\/diarioregionaldigital.com.br\/index.php?rest_route=\/wp\/v2\/posts\/192184\/revisions"}],"predecessor-version":[{"id":192186,"href":"https:\/\/diarioregionaldigital.com.br\/index.php?rest_route=\/wp\/v2\/posts\/192184\/revisions\/192186"}],"wp:featuredmedia":[{"embeddable":true,"href":"https:\/\/diarioregionaldigital.com.br\/index.php?rest_route=\/wp\/v2\/media\/192185"}],"wp:attachment":[{"href":"https:\/\/diarioregionaldigital.com.br\/index.php?rest_route=%2Fwp%2Fv2%2Fmedia&parent=192184"}],"wp:term":[{"taxonomy":"category","embeddable":true,"href":"https:\/\/diarioregionaldigital.com.br\/index.php?rest_route=%2Fwp%2Fv2%2Fcategories&post=192184"},{"taxonomy":"post_tag","embeddable":true,"href":"https:\/\/diarioregionaldigital.com.br\/index.php?rest_route=%2Fwp%2Fv2%2Ftags&post=192184"}],"curies":[{"name":"wp","href":"https:\/\/api.w.org\/{rel}","templated":true}]}}