{"id":192181,"date":"2021-12-10T14:07:10","date_gmt":"2021-12-10T17:07:10","guid":{"rendered":"https:\/\/diarioregionaldigital.com.br\/?p=192181"},"modified":"2021-12-10T14:07:10","modified_gmt":"2021-12-10T17:07:10","slug":"policia-militar-prende-autor-e-apreende-materiais-relacionados-ao-trafico-no-bairro-vale-verde","status":"publish","type":"post","link":"https:\/\/diarioregionaldigital.com.br\/?p=192181","title":{"rendered":"Pol\u00edcia Militar prende autor e apreende materiais relacionados ao tr\u00e1fico no bairro Vale Verde"},"content":{"rendered":"<p>Na data de 09dez2021, por volta das 22h06min, a Pol\u00edcia Militar verificando den\u00fancias referentes ao tr\u00e1fico de drogas, na Rua Expedito Ribeiro de Souza, no bairro Vale Verde, abordou um ve\u00edculo t\u00e1xi onde estava um passageiro com a devida suspei\u00e7\u00e3o. Durante as buscas foio localizado com o autor, um rev\u00f3lver calibre .22 municiado com um cartucho de mesmo calibre. Em dilig\u00eancias na resid\u00eancia do autor foram localizados os seguintes materiais: 04 pedras brutas de crack, 39 pedras de crack, 01 por\u00e7\u00e3o de crack, 01 balan\u00e7a de precis\u00e3o, material para embalagem de entorpecentes, R$ 360,00 em dinheiro, 02 por\u00e7\u00f5es de pasta de coca\u00edna. O Autor, que resistiu ativamente a abordagem foi preso em flagrante delito e encaminhado ao Hospital de Pronto Socorro, onde foi medicado. Tudo foi encaminhado a Delegacia.<\/p>\n","protected":false},"excerpt":{"rendered":"<p>Na data de 09dez2021, por volta das 22h06min, a Pol\u00edcia Militar verificando den\u00fancias referentes ao tr\u00e1fico de drogas, na Rua Expedito Ribeiro de Souza, no bairro Vale Verde, abordou um ve\u00edculo t\u00e1xi onde estava um passageiro com a devida suspei\u00e7\u00e3o. Durante as buscas foio localizado com o autor, um rev\u00f3lver calibre .22 municiado com um [&hellip;]<\/p>\n","protected":false},"author":246,"featured_media":192182,"comment_status":"closed","ping_status":"closed","sticky":false,"template":"","format":"standard","meta":{"footnotes":""},"categories":[301],"tags":[],"class_list":["post-192181","post","type-post","status-publish","format-standard","has-post-thumbnail","hentry","category-artigos-policiais"],"_links":{"self":[{"href":"https:\/\/diarioregionaldigital.com.br\/index.php?rest_route=\/wp\/v2\/posts\/192181","targetHints":{"allow":["GET"]}}],"collection":[{"href":"https:\/\/diarioregionaldigital.com.br\/index.php?rest_route=\/wp\/v2\/posts"}],"about":[{"href":"https:\/\/diarioregionaldigital.com.br\/index.php?rest_route=\/wp\/v2\/types\/post"}],"author":[{"embeddable":true,"href":"https:\/\/diarioregionaldigital.com.br\/index.php?rest_route=\/wp\/v2\/users\/246"}],"replies":[{"embeddable":true,"href":"https:\/\/diarioregionaldigital.com.br\/index.php?rest_route=%2Fwp%2Fv2%2Fcomments&post=192181"}],"version-history":[{"count":1,"href":"https:\/\/diarioregionaldigital.com.br\/index.php?rest_route=\/wp\/v2\/posts\/192181\/revisions"}],"predecessor-version":[{"id":192183,"href":"https:\/\/diarioregionaldigital.com.br\/index.php?rest_route=\/wp\/v2\/posts\/192181\/revisions\/192183"}],"wp:featuredmedia":[{"embeddable":true,"href":"https:\/\/diarioregionaldigital.com.br\/index.php?rest_route=\/wp\/v2\/media\/192182"}],"wp:attachment":[{"href":"https:\/\/diarioregionaldigital.com.br\/index.php?rest_route=%2Fwp%2Fv2%2Fmedia&parent=192181"}],"wp:term":[{"taxonomy":"category","embeddable":true,"href":"https:\/\/diarioregionaldigital.com.br\/index.php?rest_route=%2Fwp%2Fv2%2Fcategories&post=192181"},{"taxonomy":"post_tag","embeddable":true,"href":"https:\/\/diarioregionaldigital.com.br\/index.php?rest_route=%2Fwp%2Fv2%2Ftags&post=192181"}],"curies":[{"name":"wp","href":"https:\/\/api.w.org\/{rel}","templated":true}]}}